{"id":11857,"date":"2018-01-15T15:09:32","date_gmt":"2018-01-15T18:09:32","guid":{"rendered":"http:\/\/www.ilheusnoticias.net.br\/v1\/?p=11857"},"modified":"2018-01-15T15:09:32","modified_gmt":"2018-01-15T18:09:32","slug":"homem-internado-com-febre-amarela-morre-em-hospital-de-salvador","status":"publish","type":"post","link":"https:\/\/www.ilheusnoticias.net.br\/v1\/2018\/01\/15\/homem-internado-com-febre-amarela-morre-em-hospital-de-salvador\/","title":{"rendered":"Homem internado com febre amarela morre em hospital de Salvador"},"content":{"rendered":"<h3 class=\"post-title entry-title\"><\/h3>\n<div id=\"post-body-5072707736647677252\" class=\"post-body entry-content\">\n<div class=\"separator\"><a href=\"https:\/\/4.bp.blogspot.com\/-WHTNne5T2sc\/Wlyt5s6BbHI\/AAAAAAAAPHY\/s40xBGxCJ9A_10UwgOUxpO92G1Ua1zv5QCLcBGAs\/s1600\/6416201_x720.jpg\"><img loading=\"lazy\" src=\"https:\/\/4.bp.blogspot.com\/-WHTNne5T2sc\/Wlyt5s6BbHI\/AAAAAAAAPHY\/s40xBGxCJ9A_10UwgOUxpO92G1Ua1zv5QCLcBGAs\/s640\/6416201_x720.jpg\" alt=\"\" width=\"640\" height=\"358\" border=\"0\" data-original-height=\"281\" data-original-width=\"500\" \/><\/a><\/div>\n<div>O homem de 49 anos, morador de Tabo\u00e3o da Serra, em S\u00e3o Paulo, e que estava internado no Hospital Couto Maia, em Salvador, com febre amarela, morreu na tarde de domingo (14). A informa\u00e7\u00e3o foi confirmada pelo secret\u00e1rio de Sa\u00fade do munic\u00edpio de Itaberaba, a cerca de 290 km da capital baiana, cidade onde homem apresentou sintomas e recebeu atendimento inicialmente.<\/div>\n<\/div>\n<div><\/div>\n<p><!--more--><\/p>\n<div id=\"post-body-5072707736647677252\" class=\"post-body entry-content\">\n<div><\/div>\n<div>Conforme disse o secret\u00e1rio, o paciente \u00e9 natural de Itaberaba, mora em S\u00e3o Paulo, e estava na cidade baiana para visitar a fam\u00edlia. Ele chegou ao munic\u00edpio no dia 5 de janeiro, j\u00e1 com os sintomas da doen\u00e7a. Antes de ir para a Bahia, o rapaz havia passado r\u00e9veillon em Itapecerica da Serra, tamb\u00e9m em S\u00e3o Paulo. O rapaz foi atendido na Unidade de Pronto Atendimento (UPA) de Itaberaba. Ele esteve no posto de sa\u00fade repetidas vezes, entre os dias 5 e 9 de janeiro, quando apresentou piora no quadro cl\u00ednico e foi transferido para Salvador na \u00faltima ter\u00e7a-feira (9).<\/div>\n<div><\/div>\n<div>A confirma\u00e7\u00e3o da febre amarela foi feita na quinta-feira (11), por meio de exame feito com material do paciente, no Laborat\u00f3rio Central (Lacen), na capital. Ainda segundo a Sesab, trata-se de um caso importado, j\u00e1 que o rapaz come\u00e7ou a apresentar os sintomas no dia 2 de janeiro, antes de chegar \u00e0 Bahia. Em Itaberaba continuam os esfor\u00e7os para fazer o bloqueio vacinal conta a doen\u00e7a. *Informa\u00e7\u00f5es do G1<\/div>\n<\/div>\n","protected":false},"excerpt":{"rendered":"<p>O homem de 49 anos, morador de Tabo\u00e3o da Serra, em S\u00e3o Paulo, e que estava internado no Hospital Couto Maia, em Salvador, com febre amarela, morreu na tarde de domingo (14). A informa\u00e7\u00e3o foi confirmada pelo secret\u00e1rio de Sa\u00fade do munic\u00edpio de Itaberaba, a cerca de 290 km da capital baiana, cidade onde homem [&hellip;]<\/p>\n","protected":false},"author":2,"featured_media":0,"comment_status":"open","ping_status":"open","sticky":false,"template":"","format":"standard","meta":{"_links_to":"","_links_to_target":""},"categories":[7,9,8,1],"tags":[],"_links":{"self":[{"href":"https:\/\/www.ilheusnoticias.net.br\/v1\/wp-json\/wp\/v2\/posts\/11857"}],"collection":[{"href":"https:\/\/www.ilheusnoticias.net.br\/v1\/wp-json\/wp\/v2\/posts"}],"about":[{"href":"https:\/\/www.ilheusnoticias.net.br\/v1\/wp-json\/wp\/v2\/types\/post"}],"author":[{"embeddable":true,"href":"https:\/\/www.ilheusnoticias.net.br\/v1\/wp-json\/wp\/v2\/users\/2"}],"replies":[{"embeddable":true,"href":"https:\/\/www.ilheusnoticias.net.br\/v1\/wp-json\/wp\/v2\/comments?post=11857"}],"version-history":[{"count":1,"href":"https:\/\/www.ilheusnoticias.net.br\/v1\/wp-json\/wp\/v2\/posts\/11857\/revisions"}],"predecessor-version":[{"id":11858,"href":"https:\/\/www.ilheusnoticias.net.br\/v1\/wp-json\/wp\/v2\/posts\/11857\/revisions\/11858"}],"wp:attachment":[{"href":"https:\/\/www.ilheusnoticias.net.br\/v1\/wp-json\/wp\/v2\/media?parent=11857"}],"wp:term":[{"taxonomy":"category","embeddable":true,"href":"https:\/\/www.ilheusnoticias.net.br\/v1\/wp-json\/wp\/v2\/categories?post=11857"},{"taxonomy":"post_tag","embeddable":true,"href":"https:\/\/www.ilheusnoticias.net.br\/v1\/wp-json\/wp\/v2\/tags?post=11857"}],"curies":[{"name":"wp","href":"https:\/\/api.w.org\/{rel}","templated":true}]}}