{"id":11855,"date":"2018-01-15T15:08:22","date_gmt":"2018-01-15T18:08:22","guid":{"rendered":"http:\/\/www.ilheusnoticias.net.br\/v1\/?p=11855"},"modified":"2018-01-15T15:08:22","modified_gmt":"2018-01-15T18:08:22","slug":"inscricoes-para-o-prouni-comecam-dia-6-de-fevereiro","status":"publish","type":"post","link":"https:\/\/www.ilheusnoticias.net.br\/v1\/2018\/01\/15\/inscricoes-para-o-prouni-comecam-dia-6-de-fevereiro\/","title":{"rendered":"Inscri\u00e7\u00f5es para o ProUni come\u00e7am dia 6 de fevereiro"},"content":{"rendered":"<div id=\"content-header\"><\/div>\n<div id=\"content-area\">\n<div class=\"region region-content\">\n<div id=\"block-system-main\" class=\"block block-system block-odd clearfix\">\n<div class=\"content\">\n<article id=\"node-1104735\" class=\"node node-noticia node-odd\">\n<header><\/header>\n<div class=\"content\">\n<p>As inscri\u00e7\u00f5es para o Programa Universidade para Todos (ProUni) do primeiro semestre de 2018 estar\u00e3o abertas do dia 6 a 9 de fevereiro. A inscri\u00e7\u00e3o \u00e9 feita exclusivamente pela internet, no<a href=\"http:\/\/siteprouni.mec.gov.br\/\">site do ProUni<\/a>.<\/p>\n<p>O resultado da primeira chamada ser\u00e1 divulgado no dia 14 de fevereiro e o da segunda no dia 2 de mar\u00e7o. O ProUni seleciona estudantes para receber bolsas de estudo integrais e parciais em institui\u00e7\u00f5es particulares de ensino superior com base na nota do Exame Nacional do Ensino M\u00e9dio (Enem).<\/p>\n<p>Pode participar do programa o candidato que n\u00e3o tenha diploma de curso superior e tenha feito a prova do Exame Nacional do Ensino M\u00e9dio (Enem) 2017 e obtido no m\u00ednimo 450 pontos na m\u00e9dia das notas do Exame. Outra condi\u00e7\u00e3o \u00e9 ter obtido nota na reda\u00e7\u00e3o que n\u00e3o seja zero.<\/p>\n<p>\u00c9 preciso ainda que atenda a pelo menos uma das condi\u00e7\u00f5es: ter cursado ensino m\u00e9dio completo em escola p\u00fablica; ter cursado ensino m\u00e9dio na rede privada com bolsa integral; ter cursado ensino m\u00e9dio parcialmente da rede p\u00fablica e privada, nesse caso como bolsista integral; ser pessoa com defici\u00eancia; ser professor da rede p\u00fablica no efetivo exerc\u00edcio do magist\u00e9rio da educa\u00e7\u00e3o b\u00e1sica.<\/p>\n<p>Poder\u00e1 concorrer a uma bolsa integral quem tem renda familiar bruta mensal\u00a0<em>per capta<\/em>\u00a0de at\u00e9 um sal\u00e1rio m\u00ednimo e meio. Pode se inscrever para as bolsas parciais quem tem a renda familiar bruta mensal\u00a0<em>per capta<\/em>\u00a0de at\u00e9 tr\u00eas sal\u00e1rios m\u00edninos.<\/p>\n<\/div>\n<\/article>\n<\/div>\n<\/div>\n<\/div>\n<\/div>\n","protected":false},"excerpt":{"rendered":"<p>As inscri\u00e7\u00f5es para o Programa Universidade para Todos (ProUni) do primeiro semestre de 2018 estar\u00e3o abertas do dia 6 a 9 de fevereiro. A inscri\u00e7\u00e3o \u00e9 feita exclusivamente pela internet, nosite do ProUni. O resultado da primeira chamada ser\u00e1 divulgado no dia 14 de fevereiro e o da segunda no dia 2 de mar\u00e7o. O [&hellip;]<\/p>\n","protected":false},"author":2,"featured_media":0,"comment_status":"open","ping_status":"open","sticky":false,"template":"","format":"standard","meta":{"_links_to":"","_links_to_target":""},"categories":[7,9,8,1],"tags":[],"_links":{"self":[{"href":"https:\/\/www.ilheusnoticias.net.br\/v1\/wp-json\/wp\/v2\/posts\/11855"}],"collection":[{"href":"https:\/\/www.ilheusnoticias.net.br\/v1\/wp-json\/wp\/v2\/posts"}],"about":[{"href":"https:\/\/www.ilheusnoticias.net.br\/v1\/wp-json\/wp\/v2\/types\/post"}],"author":[{"embeddable":true,"href":"https:\/\/www.ilheusnoticias.net.br\/v1\/wp-json\/wp\/v2\/users\/2"}],"replies":[{"embeddable":true,"href":"https:\/\/www.ilheusnoticias.net.br\/v1\/wp-json\/wp\/v2\/comments?post=11855"}],"version-history":[{"count":1,"href":"https:\/\/www.ilheusnoticias.net.br\/v1\/wp-json\/wp\/v2\/posts\/11855\/revisions"}],"predecessor-version":[{"id":11856,"href":"https:\/\/www.ilheusnoticias.net.br\/v1\/wp-json\/wp\/v2\/posts\/11855\/revisions\/11856"}],"wp:attachment":[{"href":"https:\/\/www.ilheusnoticias.net.br\/v1\/wp-json\/wp\/v2\/media?parent=11855"}],"wp:term":[{"taxonomy":"category","embeddable":true,"href":"https:\/\/www.ilheusnoticias.net.br\/v1\/wp-json\/wp\/v2\/categories?post=11855"},{"taxonomy":"post_tag","embeddable":true,"href":"https:\/\/www.ilheusnoticias.net.br\/v1\/wp-json\/wp\/v2\/tags?post=11855"}],"curies":[{"name":"wp","href":"https:\/\/api.w.org\/{rel}","templated":true}]}}