{"id":11845,"date":"2018-01-15T14:57:13","date_gmt":"2018-01-15T17:57:13","guid":{"rendered":"http:\/\/www.ilheusnoticias.net.br\/v1\/?p=11845"},"modified":"2018-01-15T14:57:13","modified_gmt":"2018-01-15T17:57:13","slug":"patrocinada-pela-governo-do-estado-7a-edicao-do-festival-internacional-de-capoeiragem-e-realizada-em-salvador","status":"publish","type":"post","link":"https:\/\/www.ilheusnoticias.net.br\/v1\/2018\/01\/15\/patrocinada-pela-governo-do-estado-7a-edicao-do-festival-internacional-de-capoeiragem-e-realizada-em-salvador\/","title":{"rendered":"Patrocinada pela Governo do Estado, 7\u00aa edi\u00e7\u00e3o do Festival Internacional de Capoeiragem \u00e9 realizada em Salvador"},"content":{"rendered":"<div align=\"center\"><\/div>\n<div>\nCapoeiristas de todos os continentes se encontrar\u00e3o na s\u00e9tima edi\u00e7\u00e3o do Festival Internacional de Capoeiragem. De 24 a 27 de janeiro, a Bahia reunir\u00e1 v\u00e1rios mestres renomados, capoeiristas de mais de 20 pa\u00edses, crian\u00e7as de projetos sociais e estudantes, no Forte da Capoeira, no Santo Ant\u00f4nio Al\u00e9m do Carmo, com entrada gratuita. O Festival \u00e9 uma realiza\u00e7\u00e3o do Instituto CTE Capoeiragem, em parceria com a Polo Cultural, e conta com patroc\u00ednio do Governo do Estado da Bahia.<\/div>\n<div>\nNa programa\u00e7\u00e3o, estudantes, educadores, pesquisadores e adeptos da arte\/luta capoeira estar\u00e3o imersos em um espa\u00e7o que contar\u00e1 com oficinas, palestra, viv\u00eancia e turismo, al\u00e9m de shows musicais. Tamb\u00e9m haver\u00e1 atividades gratuitas para crian\u00e7as de 3 a 11 anos, no Espa\u00e7o Crian\u00e7a &#8211; Capoeiragem Mirim, com o apoio da Bahiag\u00e1s, que ser\u00e1 montado com toda a estrutura necess\u00e1ria e com profissionais especializados no trabalho com o p\u00fablico infantil.<\/div>\n<div>\nJ\u00e1 est\u00e3o confirmados nomes como os mestres Pel\u00e9 da Bomba, Fa\u00edsca, Moa, Bel, Nenel, Kako, Macaco, Paulinho Sabi\u00e1 e Negoativo. O Festival tamb\u00e9m oferece um Tour Capoeir\u00edstico, uma pesquisa realizada pelo Mestre Bal\u00e3o e pelo pesquisador e historiador, uma das grandes refer\u00eancias da capoeira, o j\u00e1 falecido Frede Abreu. Na rota, os participantes far\u00e3o uma visita guiada no Centro Hist\u00f3rico de Salvador, cen\u00e1rio de fatos relevantes da hist\u00f3ria da Capoeira e do Brasil nos s\u00e9culos XIX, XX e XI.<\/div>\n<div><\/div>\n<p><!--more--><\/p>\n<div>\n\u201cA capoeira, de uma maneira geral, est\u00e1 passando por um momento de reflex\u00e3o e atitudes cada vez mais voltadas para suas ra\u00edzes. A nossa inten\u00e7\u00e3o \u00e9 contextualizar, de maneira mais forte, nesta 7\u00aa edi\u00e7\u00e3o, a musicalidade da capoeira dentro desta conjuntura. Os participantes ter\u00e3o a oportunidade de vivenciar momentos fant\u00e1sticos com grandes expoentes da musicalidade da capoeira mundial, que contar\u00e3o um pouco da sua trajet\u00f3ria nestes dias do evento. Afinem seus instrumentos, berimbau, pandeiro, atabaque e venham para essa grande festa. Tenho certeza que ser\u00e1 uma experi\u00eancia brilhante para todos\u201d, declara Mestre Bal\u00e3o, anfitri\u00e3o do Festival. A iniciativa contribui para a forma\u00e7\u00e3o e interc\u00e2mbio de experi\u00eancias de capoeiristas do mundo inteiro, al\u00e9m de acontecer no lugar onde se originou a arte.<\/div>\n<div>\n<b>Programa\u00e7\u00e3o\u00a0<\/b><\/div>\n<div>\nA programa\u00e7\u00e3o come\u00e7a na quarta-feira (24), com a abertura oficial \u00e0s 19h. Na quinta-feira (25), tem visita guiada ao Forte da Capoeira, as oficinas de Angola, Afox\u00e9 e Capoeira Regional, al\u00e9m da palestra &#8220;Tocadores de Urucungo no espa\u00e7o Atl\u00e2ntico 1876-1936&#8221;, e termina com samba.<\/div>\n<div>\nNa sexta-feira, dia 26, o evento segue com as oficinas de Maculel\u00ea, Capoeira e Musicalidade. \u00c0s 19h, ter\u00e1 o tradicional batizado e troca de gradua\u00e7\u00e3o e encerra com o samba. No s\u00e1bado, \u00faltimo dia, \u00e0s 9h, ter\u00e1 o Tour Capoeir\u00edstico, no Centro Hist\u00f3rico, viv\u00eancia com Mestre Pel\u00e9 da Bomba (A\u00e7\u00e3o Gri\u00f4) no &#8220;Espa\u00e7o Crian\u00e7a \u2013 Capoeiragem Mirim&#8221;, apresenta\u00e7\u00e3o de Maculel\u00ea com crian\u00e7as de tr\u00eas comunidades atendidas pelo Instituto CTE Capoeiragem e encerra com uma grande festa.<\/div>\n","protected":false},"excerpt":{"rendered":"<p>Capoeiristas de todos os continentes se encontrar\u00e3o na s\u00e9tima edi\u00e7\u00e3o do Festival Internacional de Capoeiragem. De 24 a 27 de janeiro, a Bahia reunir\u00e1 v\u00e1rios mestres renomados, capoeiristas de mais de 20 pa\u00edses, crian\u00e7as de projetos sociais e estudantes, no Forte da Capoeira, no Santo Ant\u00f4nio Al\u00e9m do Carmo, com entrada gratuita. O Festival \u00e9 [&hellip;]<\/p>\n","protected":false},"author":2,"featured_media":0,"comment_status":"open","ping_status":"open","sticky":false,"template":"","format":"standard","meta":{"_links_to":"","_links_to_target":""},"categories":[7,9,8,1],"tags":[],"_links":{"self":[{"href":"https:\/\/www.ilheusnoticias.net.br\/v1\/wp-json\/wp\/v2\/posts\/11845"}],"collection":[{"href":"https:\/\/www.ilheusnoticias.net.br\/v1\/wp-json\/wp\/v2\/posts"}],"about":[{"href":"https:\/\/www.ilheusnoticias.net.br\/v1\/wp-json\/wp\/v2\/types\/post"}],"author":[{"embeddable":true,"href":"https:\/\/www.ilheusnoticias.net.br\/v1\/wp-json\/wp\/v2\/users\/2"}],"replies":[{"embeddable":true,"href":"https:\/\/www.ilheusnoticias.net.br\/v1\/wp-json\/wp\/v2\/comments?post=11845"}],"version-history":[{"count":1,"href":"https:\/\/www.ilheusnoticias.net.br\/v1\/wp-json\/wp\/v2\/posts\/11845\/revisions"}],"predecessor-version":[{"id":11846,"href":"https:\/\/www.ilheusnoticias.net.br\/v1\/wp-json\/wp\/v2\/posts\/11845\/revisions\/11846"}],"wp:attachment":[{"href":"https:\/\/www.ilheusnoticias.net.br\/v1\/wp-json\/wp\/v2\/media?parent=11845"}],"wp:term":[{"taxonomy":"category","embeddable":true,"href":"https:\/\/www.ilheusnoticias.net.br\/v1\/wp-json\/wp\/v2\/categories?post=11845"},{"taxonomy":"post_tag","embeddable":true,"href":"https:\/\/www.ilheusnoticias.net.br\/v1\/wp-json\/wp\/v2\/tags?post=11845"}],"curies":[{"name":"wp","href":"https:\/\/api.w.org\/{rel}","templated":true}]}}