{"id":11834,"date":"2018-01-14T17:23:37","date_gmt":"2018-01-14T20:23:37","guid":{"rendered":"http:\/\/www.ilheusnoticias.net.br\/v1\/?p=11834"},"modified":"2018-01-14T18:25:10","modified_gmt":"2018-01-14T21:25:10","slug":"filho-de-arlindo-cruz-divulga-primeira-foto-do-cantor-apos-10-meses-internado","status":"publish","type":"post","link":"https:\/\/www.ilheusnoticias.net.br\/v1\/2018\/01\/14\/filho-de-arlindo-cruz-divulga-primeira-foto-do-cantor-apos-10-meses-internado\/","title":{"rendered":"Filho de Arlindo Cruz divulga primeira foto do cantor ap\u00f3s 10 meses internado."},"content":{"rendered":"<h3 class=\"post-title entry-title\"><\/h3>\n<div class=\"post-header\"><\/div>\n<div id=\"post-body-8540056482318661140\" class=\"post-body entry-content\">\n<div><a href=\"https:\/\/www.acordacidade.com.br\/fotos\/p\/137836-3.jpg\"><img loading=\"lazy\" class=\"\" src=\"https:\/\/www.acordacidade.com.br\/fotos\/p\/137836-3.jpg\" alt=\"\" width=\"447\" height=\"419\" border=\"0\" \/><\/a><\/div>\n<div>O cantor Arlindinho, filho do cantor Arlindo Cruz compartilhou em seu Instagram na noite deste s\u00e1bado (13), uma foto de seu pai, ap\u00f3s 10 meses de internamento. Na rede social, Arlindinho comemorou a melhora do artista. &#8220;Meu pai ta um gato de cabelo cortado, n\u00e3o t\u00f4 conseguindo me conter de tanta felicidade&#8221;, vibrou na legenda da foto.<\/div>\n<\/div>\n<div><\/div>\n<p><!--more--><\/p>\n<div id=\"post-body-8540056482318661140\" class=\"post-body entry-content\">\n<div><\/div>\n<div>Os f\u00e3s, bastante emocionados, reagiram e comentaram na imagem. &#8220;Gl\u00f3ria Deus, que coisa mais linda&#8221;, disse uma seguidora. &#8220;Avante estrela! Ogum de luta! Vamos sair dessa. Deus \u00e9 pai e n\u00e3o \u00e9 padastro. #todosorandoporarlindocruz&#8221;, afirmou outra internauta.<\/div>\n<div><\/div>\n<div>Arlindo Cruz sofreu um acidente vascular cerebral (AVC) hemorr\u00e1gico ap\u00f3s se sentir mal em casa. O cantor chegou a ficar em coma e est\u00e1 internado desde mar\u00e7o de 2017<\/div>\n<\/div>\n","protected":false},"excerpt":{"rendered":"<p>O cantor Arlindinho, filho do cantor Arlindo Cruz compartilhou em seu Instagram na noite deste s\u00e1bado (13), uma foto de seu pai, ap\u00f3s 10 meses de internamento. Na rede social, Arlindinho comemorou a melhora do artista. &#8220;Meu pai ta um gato de cabelo cortado, n\u00e3o t\u00f4 conseguindo me conter de tanta felicidade&#8221;, vibrou na legenda [&hellip;]<\/p>\n","protected":false},"author":2,"featured_media":0,"comment_status":"open","ping_status":"open","sticky":false,"template":"","format":"standard","meta":{"_links_to":"","_links_to_target":""},"categories":[7,9,8,1],"tags":[],"_links":{"self":[{"href":"https:\/\/www.ilheusnoticias.net.br\/v1\/wp-json\/wp\/v2\/posts\/11834"}],"collection":[{"href":"https:\/\/www.ilheusnoticias.net.br\/v1\/wp-json\/wp\/v2\/posts"}],"about":[{"href":"https:\/\/www.ilheusnoticias.net.br\/v1\/wp-json\/wp\/v2\/types\/post"}],"author":[{"embeddable":true,"href":"https:\/\/www.ilheusnoticias.net.br\/v1\/wp-json\/wp\/v2\/users\/2"}],"replies":[{"embeddable":true,"href":"https:\/\/www.ilheusnoticias.net.br\/v1\/wp-json\/wp\/v2\/comments?post=11834"}],"version-history":[{"count":3,"href":"https:\/\/www.ilheusnoticias.net.br\/v1\/wp-json\/wp\/v2\/posts\/11834\/revisions"}],"predecessor-version":[{"id":11842,"href":"https:\/\/www.ilheusnoticias.net.br\/v1\/wp-json\/wp\/v2\/posts\/11834\/revisions\/11842"}],"wp:attachment":[{"href":"https:\/\/www.ilheusnoticias.net.br\/v1\/wp-json\/wp\/v2\/media?parent=11834"}],"wp:term":[{"taxonomy":"category","embeddable":true,"href":"https:\/\/www.ilheusnoticias.net.br\/v1\/wp-json\/wp\/v2\/categories?post=11834"},{"taxonomy":"post_tag","embeddable":true,"href":"https:\/\/www.ilheusnoticias.net.br\/v1\/wp-json\/wp\/v2\/tags?post=11834"}],"curies":[{"name":"wp","href":"https:\/\/api.w.org\/{rel}","templated":true}]}}