{"id":11825,"date":"2018-01-14T09:56:07","date_gmt":"2018-01-14T12:56:07","guid":{"rendered":"http:\/\/www.ilheusnoticias.net.br\/v1\/?p=11825"},"modified":"2018-01-14T09:56:07","modified_gmt":"2018-01-14T12:56:07","slug":"fala-meu-povo-morador-de-lava-pes-pede-assiduidade-no-transporte-coletivo-para-aquela-localidade","status":"publish","type":"post","link":"https:\/\/www.ilheusnoticias.net.br\/v1\/2018\/01\/14\/fala-meu-povo-morador-de-lava-pes-pede-assiduidade-no-transporte-coletivo-para-aquela-localidade\/","title":{"rendered":"Fala Meu Povo: Morador de Lava P\u00e9s pede assiduidade no transporte coletivo para aquela localidade"},"content":{"rendered":"<div class=\"_2evs\">\n<div class=\"_iyn _5aj7\">\n<div class=\"_4bl9\">\n<div class=\"_5bpf\">\n<div class=\"_3bwv\">\n<div class=\"_3bwy\">\n<div class=\"_3bwx\">\n<div class=\"_iyo\">Valdir Nascimento Junior<\/div>\n<\/div>\n<div class=\"_3bwx\"><\/div>\n<\/div>\n<\/div>\n<\/div>\n<\/div>\n<\/div>\n<\/div>\n<div class=\"_2evr\">\n<div class=\"_9h3 _5n4i\">\n<div>\n<div class=\"_11y7 uiScrollableArea nofade contentAfter\">\n<div class=\"uiScrollableAreaWrap scrollable\">\n<div class=\"uiScrollableAreaBody\">\n<div class=\"uiScrollableAreaContent\">\n<div class=\"_14y3\">\n<div class=\"clearfix _1ej0 _2mpc\">\n<div id=\"js_c\">\n<div>\n<div class=\"_1t_p clearfix\">\n<div class=\"_1t_q\">\n<div class=\"_4ldz _1t_r\" data-tooltip-content=\"Valdir Nascimento Junior\" data-hover=\"tooltip\" data-tooltip-position=\"left\">\n<div class=\"_4ld-\"><img loading=\"lazy\" class=\"img\" src=\"https:\/\/scontent.fvdc1-1.fna.fbcdn.net\/v\/t1.0-1\/p32x32\/25507991_1924367371148558_2805761606128471593_n.jpg?oh=24aa8eb5bc79e63cd4477b44f2ef4413&amp;oe=5AFE58D7\" alt=\"Valdir Nascimento Junior\" width=\"32\" height=\"32\" \/><\/div>\n<\/div>\n<\/div>\n<div class=\"_41ud\">\n<h5 class=\"_ih3 _-ne\"><\/h5>\n<div class=\"clearfix _o46 _3erg _29_7 direction_ltr text_align_ltr\">\n<div class=\"_3058 _ui9 _hh7 _s1- _52mr _3oh-\" data-tooltip-content=\"Quinta 20:08\" data-hover=\"tooltip\" data-tooltip-position=\"left\">\n<div class=\"_aok\"><span class=\"_3oh- _58nk\">&#8221; $ 3,50 pra isso &#8221;<\/p>\n<p>Bom dia sou morador do distrito de lava-p\u00e9s ontem dia 10, nos ficamos a ver &#8220;navios&#8221; &#8230; No hor\u00e1rio de <a href=\"https:\/\/www.facebook.com\/IlheusNoticias\/inbox\/?selected_item_id=100007259405757#\">17 horas<\/a> sai o \u00faltimo \u00f4nibus para lavar p\u00e9s da empresa Via metro&#8230; <a href=\"https:\/\/www.facebook.com\/IlheusNoticias\/inbox\/?selected_item_id=100007259405757#\">Dez<\/a> minutos mais cedo <a href=\"https:\/\/www.facebook.com\/IlheusNoticias\/inbox\/?selected_item_id=100007259405757#\">\u00e0s 16:50<\/a> sai um outro \u00f4nibus tamb\u00e9m da Via metro para o Distrito de S\u00e3o Jos\u00e9 Santa Rita que passa em frente \u00e0 entrada de lava-p\u00e9s &#8230; A estrada de lava-p\u00e9s ao total s\u00e3o 8 km&#8230; Ontem os dois \u00f4nibus (S\u00e3o Jos\u00e9) Santa Rita e (Lavap\u00e9s) quebraram no terminal&#8230; E a via metro n\u00e3o botou outro \u00f4nibus para lavar p\u00e9s.. n\u00f3s ficamos esperando <a href=\"https:\/\/www.facebook.com\/IlheusNoticias\/inbox\/?selected_item_id=100007259405757#\">at\u00e9 \u00e0s 18 horas<\/a> e Recebemos a informa\u00e7\u00e3o de algumas pessoas que moram no distrito, que estavam no terminal no momento que a via metro n\u00e3o iria botar outro \u00f4nibus reserva para lava p\u00e9s s\u00f3 iria botar o outro para o S\u00e3o Jos\u00e9 com <a href=\"https:\/\/www.facebook.com\/IlheusNoticias\/inbox\/?selected_item_id=100007259405757#\">uma hora<\/a> de atraso e mesmo assim n\u00e3o n\u00e3o avisaram ao motorista do S\u00e3o Jos\u00e9 para sair avisando nos pontos de \u00f4nibus que n\u00e3o iriam botar outro \u00f4nibus para Lavap\u00e9s&#8230;.<\/span><\/div>\n<div class=\"_aok\"><span class=\"_3oh- _58nk\"> Terminamos que n\u00f3s ficamos esperando o \u00f4nibus de lavar p\u00e9s e eles n\u00e3o botaram outro \u00f4nibus reserva&#8230;.. As empresas reivindicam da prefeitura aumento da passagem e o servi\u00e7o piora a via metro n\u00e3o tem compromisso com ningu\u00e9m \u00f4nibus novos parados e quando quebra os \u00f4nibus n\u00e3o tem outro para botar no lugar&#8230; Isso \u00e9 uma falta de respeito com o cidad\u00e3o Ilheense e as pessoas que moram nessa cidade que trabalha o dia todo e quando quer ir para casa de no final do dia n\u00e3o tem \u00f4nibus e ainda todo ano reajustam a passagem e o servi\u00e7o de transporte nn melhora &#8230; Tivemos que ir da entrada de lavar p\u00e9s at\u00e9 o distrito andando chegamos em casa ontem 7:30 da noite ! &#8230; Fica fica aqui minha indigna\u00e7\u00e3o e dos moradores de lavar a p\u00e9s contra a empresa Via metro. \u00a0Com a palavra o setor de transporte da Prefeitura de Ilh\u00e9us e a emrpesa. Estamos abertos \u00e0s respostas<\/span><\/div>\n<\/div>\n<\/div>\n<\/div>\n<\/div>\n<\/div>\n<\/div>\n<\/div>\n<\/div>\n<\/div>\n<\/div>\n<\/div>\n<\/div>\n<\/div>\n<\/div>\n<\/div>\n","protected":false},"excerpt":{"rendered":"<p>Valdir Nascimento Junior &#8221; $ 3,50 pra isso &#8221; Bom dia sou morador do distrito de lava-p\u00e9s ontem dia 10, nos ficamos a ver &#8220;navios&#8221; &#8230; No hor\u00e1rio de 17 horas sai o \u00faltimo \u00f4nibus para lavar p\u00e9s da empresa Via metro&#8230; Dez minutos mais cedo \u00e0s 16:50 sai um outro \u00f4nibus tamb\u00e9m da Via [&hellip;]<\/p>\n","protected":false},"author":2,"featured_media":0,"comment_status":"open","ping_status":"open","sticky":false,"template":"","format":"standard","meta":{"_links_to":"","_links_to_target":""},"categories":[7,9,8,1],"tags":[],"_links":{"self":[{"href":"https:\/\/www.ilheusnoticias.net.br\/v1\/wp-json\/wp\/v2\/posts\/11825"}],"collection":[{"href":"https:\/\/www.ilheusnoticias.net.br\/v1\/wp-json\/wp\/v2\/posts"}],"about":[{"href":"https:\/\/www.ilheusnoticias.net.br\/v1\/wp-json\/wp\/v2\/types\/post"}],"author":[{"embeddable":true,"href":"https:\/\/www.ilheusnoticias.net.br\/v1\/wp-json\/wp\/v2\/users\/2"}],"replies":[{"embeddable":true,"href":"https:\/\/www.ilheusnoticias.net.br\/v1\/wp-json\/wp\/v2\/comments?post=11825"}],"version-history":[{"count":1,"href":"https:\/\/www.ilheusnoticias.net.br\/v1\/wp-json\/wp\/v2\/posts\/11825\/revisions"}],"predecessor-version":[{"id":11826,"href":"https:\/\/www.ilheusnoticias.net.br\/v1\/wp-json\/wp\/v2\/posts\/11825\/revisions\/11826"}],"wp:attachment":[{"href":"https:\/\/www.ilheusnoticias.net.br\/v1\/wp-json\/wp\/v2\/media?parent=11825"}],"wp:term":[{"taxonomy":"category","embeddable":true,"href":"https:\/\/www.ilheusnoticias.net.br\/v1\/wp-json\/wp\/v2\/categories?post=11825"},{"taxonomy":"post_tag","embeddable":true,"href":"https:\/\/www.ilheusnoticias.net.br\/v1\/wp-json\/wp\/v2\/tags?post=11825"}],"curies":[{"name":"wp","href":"https:\/\/api.w.org\/{rel}","templated":true}]}}