{"id":11801,"date":"2018-01-13T19:08:37","date_gmt":"2018-01-13T22:08:37","guid":{"rendered":"http:\/\/www.ilheusnoticias.net.br\/v1\/?p=11801"},"modified":"2018-01-13T19:08:37","modified_gmt":"2018-01-13T22:08:37","slug":"quatro-mortos-e-30-feridos-em-acidente-com-01-microonibus-01-carreta-02-vans-e-01-carro-de-passeio-no-norte-de-minas","status":"publish","type":"post","link":"https:\/\/www.ilheusnoticias.net.br\/v1\/2018\/01\/13\/quatro-mortos-e-30-feridos-em-acidente-com-01-microonibus-01-carreta-02-vans-e-01-carro-de-passeio-no-norte-de-minas\/","title":{"rendered":"Quatro mortos e 30 feridos em acidente com 01 micro\u00f4nibus, 01 carreta, 02 vans e 01 carro de passeio no Norte de Minas"},"content":{"rendered":"<h3 class=\"post-title entry-title\"><\/h3>\n<div class=\"post-header\"><\/div>\n<div id=\"post-body-3875895005075461230\" class=\"post-body entry-content\">\n<div class=\"separator\"><a href=\"http:\/\/bahiaextremosul.com.br\/uploads\/editor\/5e0d263335ff65971573276906ab656821354cde.JPG\"><img src=\"http:\/\/bahiaextremosul.com.br\/uploads\/editor\/5e0d263335ff65971573276906ab656821354cde.JPG\" alt=\"\" border=\"0\" \/><\/a><\/div>\n<div>Um grave acidente por volta das 5 horas da manh\u00e3 deste s\u00e1bado (13), na BR 251, no norte de Minas Gerais, envolvendo cinco ve\u00edculos, duas vans, um micro-\u00f4nibus, uma carreta e um carro de passeio deixou pelo menos quatro mortos e 30 feridos, seis deles em estado grave.<\/div>\n<div><\/div>\n<div>O acidente aconteceu pr\u00f3ximo ao povoado de Bocaina, em Gr\u00e3o Mogol, no Norte de Minas. Segundo o Corpo de Bombeiros de Montes Claros, a batida\u00a0 envolveu uma carreta carregada, um autom\u00f3vel, duas vans e um micro-\u00f4nibus, onde estavam\u00a0 a maioria das v\u00edtimas.<\/div>\n<\/div>\n<div><\/div>\n<p><!--more--><\/p>\n<div id=\"post-body-3875895005075461230\" class=\"post-body entry-content\">\n<div class=\"separator\"><a href=\"http:\/\/bahiaextremosul.com.br\/uploads\/editor\/095750ffdd170552482ad8d4ff9ba7de9b23e446.jpeg\"><img src=\"http:\/\/bahiaextremosul.com.br\/uploads\/editor\/095750ffdd170552482ad8d4ff9ba7de9b23e446.jpeg\" alt=\"\" border=\"0\" \/><\/a><\/div>\n<div>Segundo o Corpo de Bombeiros de Montes Claros, o atendimento as v\u00edtimas envolveu cinco unidades b\u00e1sicas do SAMU, duas de suporte avan\u00e7ado, uma viatura de salvamento e outra de combate a inc\u00eandio, j\u00e1 que a carreta pegou fogo ap\u00f3s a colis\u00e3o. As\u00a0 v\u00edtimas foram levadas para o hospital e Montes Claros. Um helic\u00f3ptero da Pol\u00edcia Militar tamb\u00e9m foi usado no salvamento das v\u00edtimas, entre elas, seis feridos graves. Duas v\u00edtimas ficaram presas \u00e0s ferragens do micro-\u00f4nibus.<\/div>\n<div><img loading=\"lazy\" src=\"http:\/\/bahiaextremosul.com.br\/uploads\/editor\/9e50ba45ac48501dd15917616118fa04d8455819.jpg\" alt=\"\" width=\"640\" height=\"384\" \/><\/div>\n<\/div>\n<div class=\"post-footer\"><\/div>\n","protected":false},"excerpt":{"rendered":"<p>Um grave acidente por volta das 5 horas da manh\u00e3 deste s\u00e1bado (13), na BR 251, no norte de Minas Gerais, envolvendo cinco ve\u00edculos, duas vans, um micro-\u00f4nibus, uma carreta e um carro de passeio deixou pelo menos quatro mortos e 30 feridos, seis deles em estado grave. O acidente aconteceu pr\u00f3ximo ao povoado de [&hellip;]<\/p>\n","protected":false},"author":2,"featured_media":0,"comment_status":"open","ping_status":"open","sticky":false,"template":"","format":"standard","meta":{"_links_to":"","_links_to_target":""},"categories":[7,9,8,1,5],"tags":[],"_links":{"self":[{"href":"https:\/\/www.ilheusnoticias.net.br\/v1\/wp-json\/wp\/v2\/posts\/11801"}],"collection":[{"href":"https:\/\/www.ilheusnoticias.net.br\/v1\/wp-json\/wp\/v2\/posts"}],"about":[{"href":"https:\/\/www.ilheusnoticias.net.br\/v1\/wp-json\/wp\/v2\/types\/post"}],"author":[{"embeddable":true,"href":"https:\/\/www.ilheusnoticias.net.br\/v1\/wp-json\/wp\/v2\/users\/2"}],"replies":[{"embeddable":true,"href":"https:\/\/www.ilheusnoticias.net.br\/v1\/wp-json\/wp\/v2\/comments?post=11801"}],"version-history":[{"count":1,"href":"https:\/\/www.ilheusnoticias.net.br\/v1\/wp-json\/wp\/v2\/posts\/11801\/revisions"}],"predecessor-version":[{"id":11802,"href":"https:\/\/www.ilheusnoticias.net.br\/v1\/wp-json\/wp\/v2\/posts\/11801\/revisions\/11802"}],"wp:attachment":[{"href":"https:\/\/www.ilheusnoticias.net.br\/v1\/wp-json\/wp\/v2\/media?parent=11801"}],"wp:term":[{"taxonomy":"category","embeddable":true,"href":"https:\/\/www.ilheusnoticias.net.br\/v1\/wp-json\/wp\/v2\/categories?post=11801"},{"taxonomy":"post_tag","embeddable":true,"href":"https:\/\/www.ilheusnoticias.net.br\/v1\/wp-json\/wp\/v2\/tags?post=11801"}],"curies":[{"name":"wp","href":"https:\/\/api.w.org\/{rel}","templated":true}]}}