{"id":11799,"date":"2018-01-13T19:06:29","date_gmt":"2018-01-13T22:06:29","guid":{"rendered":"http:\/\/www.ilheusnoticias.net.br\/v1\/?p=11799"},"modified":"2018-01-13T19:06:29","modified_gmt":"2018-01-13T22:06:29","slug":"na-choco-summer-e-expoilheus-prefeito-destaca-potencial-turistico-da-cidade","status":"publish","type":"post","link":"https:\/\/www.ilheusnoticias.net.br\/v1\/2018\/01\/13\/na-choco-summer-e-expoilheus-prefeito-destaca-potencial-turistico-da-cidade\/","title":{"rendered":"Na Choco Summer e Expoilh\u00e9us, prefeito destaca potencial tur\u00edstico da cidade"},"content":{"rendered":"<p class=\"x_MsoNormal\" align=\"center\">\n<p class=\"x_MsoNormal\">A engenheira F\u00e1tima Armesto, de S\u00e3o Louren\u00e7o do Sul (RS), foi uma das primeiras visitantes a chegar, no final da tarde, dia 12 de janeiro, \u00e0 Choco Summer, exposi\u00e7\u00e3o de chocolate de origem, no centro de Ilh\u00e9us. Atra\u00edda pelas belezas e os encantos da terra de \u201cGabriela\u201d, ela conheceu de perto, junto a fam\u00edlia, os quase 100 quil\u00f4metros de litoral, o mais extenso da Bahia, o Centro Hist\u00f3rico, os pr\u00e9dios p\u00fablicos, al\u00e9m da vasta gastronomia t\u00edpica local. Os mesmos interesses sobre a hist\u00f3ria da cidade promoveram o encontro entre a engenheira do Rio Grande do Sul e Saulo Miranda, do munic\u00edpio de Jo\u00e3o Dourado (BA), pr\u00f3ximo a Irec\u00ea. Em Ilh\u00e9us, a passeio, Saulo tamb\u00e9m escolheu o destino para iniciar seu tour de f\u00e9rias.<\/p>\n<p class=\"x_MsoNormal\">\n<p class=\"x_MsoNormal\">Secret\u00e1rio de Obras em Jo\u00e3o Dourado, Saulo e sua fam\u00edlia viajaram cerca de 655 quil\u00f4metros para conhecer os pontos famosos de Ilh\u00e9us, suas praias e lazer incompar\u00e1vel. E garante: valeu a pena o esfor\u00e7o. Anne-Marie Beaumont, de Toulouse, na Fran\u00e7a, outra visitante de ontem, disse que estar na cidade \u00e9 um grande presente que procura curtir minuto a minuto e a definiu como \u201cinspiradora, buc\u00f3lica e apaixonante. Tenho viajado todos os anos e ao chegar aqui, vi que a cidade vai muito al\u00e9m das suas praias e das hist\u00f3rias de Jorge Amado, ela \u00e9 acolhedora e adoravelmente linda\u201d.<\/p>\n<p class=\"x_MsoNormal\">\n<p class=\"x_MsoNormal\"><!--more--><\/p>\n<p class=\"x_MsoNormal\">\n<p class=\"x_MsoNormal\">\u201cVim conferir a feira de marcas Choco Summer e a 25\u00aa edi\u00e7\u00e3o da Expoilh\u00e9us, um dos principais eventos da programa\u00e7\u00e3o anual de ver\u00e3o do munic\u00edpio. S\u00e3o 80 expositores, entre locais e de v\u00e1rias partes do Brasil, que apresentam as tend\u00eancias e novidades nas diversas. Al\u00e9m de representar gera\u00e7\u00e3o de renda, serve como oportunidade para a popula\u00e7\u00e3o vencer a crise econ\u00f4mica que assola o pa\u00eds. Conversei com o seguran\u00e7a, o pipoqueiro, a baiana do acaraj\u00e9, o taxista e me disseram que est\u00e3o felizes, garantindo seu dinheiro, pagando suas contas, reconhecendo que a cidade vive um momento diferente\u201d, comemora o prefeito Mario Alexandre, que visitou os eventos de ver\u00e3o realizados na Avenida Soares Lopes, cart\u00e3o postal da cidade.<\/p>\n<p class=\"x_MsoNormal\">\n<p class=\"x_MsoNormal\"><b>Valoriza\u00e7\u00e3o<\/b>\u00a0\u2013 Para o prefeito de Ilh\u00e9us, a cidade \u00e9 reconhecidamente a terra do chocolate de origem, do turismo rural e da Agricultura Familiar. Argumenta que \u00e9 preciso cada vez mais valorizar este legado e hist\u00f3ria com orgulho e pertencimento, com vistas nas potencialidades, vencendo os desafios. \u201cPela segunda vez, Ilh\u00e9us tem no seu calend\u00e1rio de eventos uma feira onde os produtores incentivam a produ\u00e7\u00e3o e consumo de chocolates feito com am\u00eandoas de cacau selecionadas, oriundas daqui do Sul da Bahia. Os grupos se uniram com o prop\u00f3sito de mostrar o sabor do melhor chocolate de origem da regi\u00e3o, por isso, est\u00e3o parab\u00e9ns\u201d, conclui o prefeito.<\/p>\n<p class=\"x_MsoNormal\">\n<p class=\"x_MsoNormal\"><a target=\"_blank\" rel=\"noopener noreferrer\" name=\"x__GoBack\"><\/a>O vice-prefeito e secret\u00e1rio de Planejamento e Desenvolvimento Sustent\u00e1vel, Jos\u00e9 Nazal, aponta que por anos, Ilh\u00e9us e regi\u00e3o sobreviveu do cacau. A cidade viveu seu auge durante os anos 1920 e 1930, quando os coron\u00e9is do cacau enriqueceram com a exporta\u00e7\u00e3o da principal mat\u00e9ria-prima do chocolate. Na sua opini\u00e3o, hoje, a regi\u00e3o volta a respirar o cheiro do chocolate. \u201cJamais teremos a pujan\u00e7a que um dia tivemos, mas j\u00e1 enxergamos sinais de um novo momento na economia por meio da agrega\u00e7\u00e3o de valor do chocolate. Hoje h\u00e1 muitos empreendedores que jamais imaginariam fazer o que est\u00e3o fazendo, com muito mais prazer e a oportunidade de levar ao homem do campo inclusive, parte dessa riqueza\u201d, frisou Nazal.<\/p>\n<p class=\"x_MsoNormal\">\n<p class=\"x_MsoNormal\">\n<p class=\"x_MsoNormal\"><b>Chocolate de Origem<\/b>\u00a0\u2013 Para o publicit\u00e1rio Marco Lessa, idealizador e realizador do Choco Summer, o espa\u00e7o surge da necessidade de reunir no ver\u00e3o, marcas e produtores de chocolate para mostrar ao Brasil e mundo, o que a regi\u00e3o tem de melhor que, segundo ele, fruto do esfor\u00e7o individual e coletivo semeado no Festival Internacional do Chocolate e Cacau que, este ano, vai para a d\u00e9cima edi\u00e7\u00e3o. \u201cO evento tem o apoio do Governo do Estado, da Prefeitura de Ilh\u00e9us e demais parceiros e se apresenta com este esp\u00edrito: um lugar que re\u00fane marcas e derivados do cacau, economia criativa, artesanato, mas tamb\u00e9m um espa\u00e7o que possui alma, entretenimento, gastronomia, m\u00fasica, alegria, al\u00e9m da oportunidade de consumir chocolates produzidos aqui na regi\u00e3o\u201d, destaca.<\/p>\n<p class=\"x_MsoNormal\">\n<p class=\"x_MsoNormal\"><b>Feira de ver\u00e3o<\/b>\u00a0\u2013 \u201cUm sonho que come\u00e7ou h\u00e1 exatamente 25 anos\u201d, conta a empres\u00e1ria e idealizadora da Expoilh\u00e9us, Carla Ourives. Junto com a irm\u00e3, Celeney Ourives, ela pensou num espa\u00e7o que servisse de incremento da gera\u00e7\u00e3o de renda, atividade tur\u00edstica, mas, tamb\u00e9m uma programa\u00e7\u00e3o art\u00edstica cultural. \u201cEm todos estes anos, pudemos vislumbrar o processo de amplia\u00e7\u00e3o das op\u00e7\u00f5es de lazer e entretenimento na cidade. Ilh\u00e9us \u00e9 linda, gente bonita e atrai todos os anos pessoas de todas as partes do pa\u00eds e do mundo. Apesar de contar com a participa\u00e7\u00e3o de comerciantes de v\u00e1rios pontos da Bahia e do Brasil, mais de 50% dos expositores desta edi\u00e7\u00e3o s\u00e3o do pr\u00f3prio munic\u00edpio\u201d, comenta Carla Ourives.<\/p>\n<p class=\"x_MsoNormal\">\n<p class=\"x_MsoNormal\">At\u00e9 o dia 21 de janeiro, ilheenses e turistas v\u00e3o poder curtir a Feira de Ver\u00e3o Expoilh\u00e9us e a Choco Summer na Avenida Soares Lopes, no Centro da cidade. De acordo com os organizadores, cerca de 130 mil pessoas devem visitar os mais de 120 estandes instalados nos dois eventos.<\/p>\n","protected":false},"excerpt":{"rendered":"<p>A engenheira F\u00e1tima Armesto, de S\u00e3o Louren\u00e7o do Sul (RS), foi uma das primeiras visitantes a chegar, no final da tarde, dia 12 de janeiro, \u00e0 Choco Summer, exposi\u00e7\u00e3o de chocolate de origem, no centro de Ilh\u00e9us. Atra\u00edda pelas belezas e os encantos da terra de \u201cGabriela\u201d, ela conheceu de perto, junto a fam\u00edlia, os [&hellip;]<\/p>\n","protected":false},"author":2,"featured_media":0,"comment_status":"open","ping_status":"open","sticky":false,"template":"","format":"standard","meta":{"_links_to":"","_links_to_target":""},"categories":[7,9,8,1],"tags":[],"_links":{"self":[{"href":"https:\/\/www.ilheusnoticias.net.br\/v1\/wp-json\/wp\/v2\/posts\/11799"}],"collection":[{"href":"https:\/\/www.ilheusnoticias.net.br\/v1\/wp-json\/wp\/v2\/posts"}],"about":[{"href":"https:\/\/www.ilheusnoticias.net.br\/v1\/wp-json\/wp\/v2\/types\/post"}],"author":[{"embeddable":true,"href":"https:\/\/www.ilheusnoticias.net.br\/v1\/wp-json\/wp\/v2\/users\/2"}],"replies":[{"embeddable":true,"href":"https:\/\/www.ilheusnoticias.net.br\/v1\/wp-json\/wp\/v2\/comments?post=11799"}],"version-history":[{"count":1,"href":"https:\/\/www.ilheusnoticias.net.br\/v1\/wp-json\/wp\/v2\/posts\/11799\/revisions"}],"predecessor-version":[{"id":11800,"href":"https:\/\/www.ilheusnoticias.net.br\/v1\/wp-json\/wp\/v2\/posts\/11799\/revisions\/11800"}],"wp:attachment":[{"href":"https:\/\/www.ilheusnoticias.net.br\/v1\/wp-json\/wp\/v2\/media?parent=11799"}],"wp:term":[{"taxonomy":"category","embeddable":true,"href":"https:\/\/www.ilheusnoticias.net.br\/v1\/wp-json\/wp\/v2\/categories?post=11799"},{"taxonomy":"post_tag","embeddable":true,"href":"https:\/\/www.ilheusnoticias.net.br\/v1\/wp-json\/wp\/v2\/tags?post=11799"}],"curies":[{"name":"wp","href":"https:\/\/api.w.org\/{rel}","templated":true}]}}