{"id":11755,"date":"2018-01-10T12:31:16","date_gmt":"2018-01-10T15:31:16","guid":{"rendered":"http:\/\/www.ilheusnoticias.net.br\/v1\/?p=11755"},"modified":"2018-01-10T12:31:16","modified_gmt":"2018-01-10T15:31:16","slug":"rui-retoma-viagens-ao-interior-com-entrega-e-autorizacao-de-obras-em-abare","status":"publish","type":"post","link":"https:\/\/www.ilheusnoticias.net.br\/v1\/2018\/01\/10\/rui-retoma-viagens-ao-interior-com-entrega-e-autorizacao-de-obras-em-abare\/","title":{"rendered":"Rui retoma viagens ao interior com entrega  e autoriza\u00e7\u00e3o de obras    em Abar\u00e9"},"content":{"rendered":"<div><\/div>\n<p><img loading=\"lazy\" class=\"\" src=\"https:\/\/attachment.outlook.office.net\/owa\/laudiceacarvalho62@hotmail.com\/service.svc\/s\/GetAttachmentThumbnail?id=AQMkADAwATYwMAItY2MANTgtODQxNC0wMAItMDAKAEYAAANqOYr2uMN4Qoz6pFp%2FhFoeBwAsxvM0hWqyT6EfSeQ8%2BPgA8AAAAgEMAAAALMbzNIVqsk%2BhH0nkPPj4APAAAVDeQXMAAAABEgAQAKxEyhdL6BVHtmnDG7EqaLk%3D&amp;thumbnailType=2&amp;X-OWA-CANARY=N3bDq46jJEytTuPEGfGavEBYlPA-WNUY6FfvHtMkJF99MCMti3fXgFd3yhwQFMCWDmFAQsQ8SBE.&amp;token=eyJ0eXAiOiJKV1QiLCJhbGciOiJSUzI1NiIsIng1dCI6ImVuaDlCSnJWUFU1aWpWMXFqWmpWLWZMMmJjbyJ9.eyJ2ZXIiOiJFeGNoYW5nZS5DYWxsYmFjay5WMSIsImFwcGN0eHNlbmRlciI6Ik93YURvd25sb2FkQDg0ZGY5ZTdmLWU5ZjYtNDBhZi1iNDM1LWFhYWFhYWFhYWFhYSIsImFwcGN0eCI6IntcIm1zZXhjaHByb3RcIjpcIm93YVwiLFwicHJpbWFyeXNpZFwiOlwiUy0xLTI4MjctMzkzMjE2LTM0MjgzNTMwNDRcIixcInB1aWRcIjpcIjE2ODg4NTMyODg2MTY5ODBcIixcIm9pZFwiOlwiMDAwNjAwMDAtY2M1OC04NDE0LTAwMDAtMDAwMDAwMDAwMDAwXCIsXCJzY29wZVwiOlwiT3dhRG93bmxvYWRcIn0iLCJpc3MiOiIwMDAwMDAwMi0wMDAwLTBmZjEtY2UwMC0wMDAwMDAwMDAwMDBAODRkZjllN2YtZTlmNi00MGFmLWI0MzUtYWFhYWFhYWFhYWFhIiwiYXVkIjoiMDAwMDAwMDItMDAwMC0wZmYxLWNlMDAtMDAwMDAwMDAwMDAwL2F0dGFjaG1lbnQub3V0bG9vay5vZmZpY2UubmV0QDg0ZGY5ZTdmLWU5ZjYtNDBhZi1iNDM1LWFhYWFhYWFhYWFhYSIsImV4cCI6MTUxNTU5ODY4MiwibmJmIjoxNTE1NTk4MDgyfQ.e42FXwG_J18kejjO35BgeKi3WSm94UCLAvaLGGeVJTkWNcCswH2urk9E1tyzAm0VLKxLRznwYbhr9Lw9Ox4PB4Q_LfH7n_TtYenW0uyWpXoyfHkgy3u4Z5BQBl57fMIELIB212DmWAGwNDCRg7Byc5RS62GHV1VKOicPp4beYztyQEGfCL5p-THog4jr2pUi6og3FGxaYqLAgzFFtGh9gnuwO5f7uoodfi8BzF8oaqcNS2YNzmA5D5m3-G8aXeyQGQbXyGTq7goC-D5CJJG_L2rfMp51dKMgdrFJkq-DrOh1bFfaeJnu7ZfdROaMolvhz75JU3hSPy3D-2ugoD8r6Q&amp;owa=outlook.live.com&amp;isc=1\" alt=\"\" width=\"481\" height=\"320\" \/><\/p>\n<p>Em sua primeira viagem ao interior do estado em 2018, o governador Rui Costa visitou Abar\u00e9, munic\u00edpio do norte baiano, na manh\u00e3 desta quarta-feira (10), onde promoveu investimentos em infraestrutura vi\u00e1ria, sa\u00fade e desenvolvimento rural. Durante a agenda, ele inaugurou a pavimenta\u00e7\u00e3o que liga a cidade ao acesso da BA-210, obra no valor de R$ 755,7 mil, e assinou a ordem de servi\u00e7o para restaura\u00e7\u00e3o de 369,30 quil\u00f4metros da rodovia, no trecho entre Barra do Tarrachil, Abar\u00e9 e Cura\u00e7\u00e1, beneficiando 516 mil habitantes da regi\u00e3o. Um investimento de R$ 76,9 milh\u00f5es.<\/p>\n<div id=\"x_x_x_Signature\">\n<div id=\"x_x_x_divtagdefaultwrapper\">\n<p class=\"x_x_x_MsoNormal\">\u201cQuero agradecer a Deus pela oportunidade de estar aqui inaugurando e autorizando obras que v\u00e3o melhorar a vida das pessoas\u201d, afirmou Rui, que prometeu ajudar a prefeitura a finalizar a urbaniza\u00e7\u00e3o da cidade. \u201cVamos pedir a empresa respons\u00e1vel pelo servi\u00e7o que priorize os trechos mais cr\u00edticos\u201d, explicou o governador sobre a revitaliza\u00e7\u00e3o da BA-210, que vai desde a sa\u00edda de Paulo Afonso at\u00e9 a entrada de Juazeiro. Ele\u00a0tamb\u00e9m autorizou o secret\u00e1rio de infraestrutura, Marcus Cavalcanti, a providenciar a recupera\u00e7\u00e3o do asfalto da pista de pouso de aeronaves de Abar\u00e9.<\/p>\n<p class=\"x_x_x_MsoNormal\">Na\u00a0\u00e1rea da sa\u00fade, o governador entregou duas novas ambul\u00e2ncias, que refor\u00e7ar\u00e3o o atendimento dos moradores de Abar\u00e9 e Cura\u00e7\u00e1. Foram entregues ainda tr\u00eas tratores agr\u00edcolas com implementos para beneficiar agricultores de Abar\u00e9, Cura\u00e7\u00e1 e Chorroch\u00f3, e 687 certificados do Cadastro Ambiental Rural (CAR) a agricultores familiares.<\/p>\n<p class=\"x_x_x_MsoNormal\">Rui tamb\u00e9m autorizou a Secretaria de Desenvolvimento Rural (SDR) a celebrar dois conv\u00eanios no \u00e2mbito do Projeto Bahia Produtiva, nos segmentos socioambiental e de aquicultura e pesca. Foram beneficiadas com R$\u00a0226 mil, que contemplou 43 fam\u00edlias, a Associa\u00e7\u00e3o Agropecu\u00e1ria de Jovens Piscicultores e Horticultores Familiar de Abare e Curac\u00e1 &#8211; Hortpeixe, e a Assicia\u00e7\u00e3o Comunit\u00e1ria dos Produtores Rurais do Umbuzeiro e Circunvizinhancas<b>.<\/b><\/p>\n<p class=\"x_x_x_MsoNormal\"><img loading=\"lazy\" class=\"\" src=\"https:\/\/attachment.outlook.office.net\/owa\/laudiceacarvalho62@hotmail.com\/service.svc\/s\/GetAttachmentThumbnail?id=AQMkADAwATYwMAItY2MANTgtODQxNC0wMAItMDAKAEYAAANqOYr2uMN4Qoz6pFp%2FhFoeBwAsxvM0hWqyT6EfSeQ8%2BPgA8AAAAgEMAAAALMbzNIVqsk%2BhH0nkPPj4APAAAVDeQXMAAAABEgAQABpAB6Zpu7hBsW3yYFmdOlg%3D&amp;thumbnailType=2&amp;X-OWA-CANARY=N3bDq46jJEytTuPEGfGavEBYlPA-WNUY6FfvHtMkJF99MCMti3fXgFd3yhwQFMCWDmFAQsQ8SBE.&amp;token=eyJ0eXAiOiJKV1QiLCJhbGciOiJSUzI1NiIsIng1dCI6ImVuaDlCSnJWUFU1aWpWMXFqWmpWLWZMMmJjbyJ9.eyJ2ZXIiOiJFeGNoYW5nZS5DYWxsYmFjay5WMSIsImFwcGN0eHNlbmRlciI6Ik93YURvd25sb2FkQDg0ZGY5ZTdmLWU5ZjYtNDBhZi1iNDM1LWFhYWFhYWFhYWFhYSIsImFwcGN0eCI6IntcIm1zZXhjaHByb3RcIjpcIm93YVwiLFwicHJpbWFyeXNpZFwiOlwiUy0xLTI4MjctMzkzMjE2LTM0MjgzNTMwNDRcIixcInB1aWRcIjpcIjE2ODg4NTMyODg2MTY5ODBcIixcIm9pZFwiOlwiMDAwNjAwMDAtY2M1OC04NDE0LTAwMDAtMDAwMDAwMDAwMDAwXCIsXCJzY29wZVwiOlwiT3dhRG93bmxvYWRcIn0iLCJpc3MiOiIwMDAwMDAwMi0wMDAwLTBmZjEtY2UwMC0wMDAwMDAwMDAwMDBAODRkZjllN2YtZTlmNi00MGFmLWI0MzUtYWFhYWFhYWFhYWFhIiwiYXVkIjoiMDAwMDAwMDItMDAwMC0wZmYxLWNlMDAtMDAwMDAwMDAwMDAwL2F0dGFjaG1lbnQub3V0bG9vay5vZmZpY2UubmV0QDg0ZGY5ZTdmLWU5ZjYtNDBhZi1iNDM1LWFhYWFhYWFhYWFhYSIsImV4cCI6MTUxNTU5ODY4MiwibmJmIjoxNTE1NTk4MDgyfQ.e42FXwG_J18kejjO35BgeKi3WSm94UCLAvaLGGeVJTkWNcCswH2urk9E1tyzAm0VLKxLRznwYbhr9Lw9Ox4PB4Q_LfH7n_TtYenW0uyWpXoyfHkgy3u4Z5BQBl57fMIELIB212DmWAGwNDCRg7Byc5RS62GHV1VKOicPp4beYztyQEGfCL5p-THog4jr2pUi6og3FGxaYqLAgzFFtGh9gnuwO5f7uoodfi8BzF8oaqcNS2YNzmA5D5m3-G8aXeyQGQbXyGTq7goC-D5CJJG_L2rfMp51dKMgdrFJkq-DrOh1bFfaeJnu7ZfdROaMolvhz75JU3hSPy3D-2ugoD8r6Q&amp;owa=outlook.live.com&amp;isc=1\" alt=\"\" width=\"439\" height=\"287\" \/><\/p>\n<\/div>\n<\/div>\n","protected":false},"excerpt":{"rendered":"<p>Em sua primeira viagem ao interior do estado em 2018, o governador Rui Costa visitou Abar\u00e9, munic\u00edpio do norte baiano, na manh\u00e3 desta quarta-feira (10), onde promoveu investimentos em infraestrutura vi\u00e1ria, sa\u00fade e desenvolvimento rural. Durante a agenda, ele inaugurou a pavimenta\u00e7\u00e3o que liga a cidade ao acesso da BA-210, obra no valor de R$ [&hellip;]<\/p>\n","protected":false},"author":2,"featured_media":0,"comment_status":"open","ping_status":"open","sticky":false,"template":"","format":"standard","meta":{"_links_to":"","_links_to_target":""},"categories":[7,9,8,1],"tags":[],"_links":{"self":[{"href":"https:\/\/www.ilheusnoticias.net.br\/v1\/wp-json\/wp\/v2\/posts\/11755"}],"collection":[{"href":"https:\/\/www.ilheusnoticias.net.br\/v1\/wp-json\/wp\/v2\/posts"}],"about":[{"href":"https:\/\/www.ilheusnoticias.net.br\/v1\/wp-json\/wp\/v2\/types\/post"}],"author":[{"embeddable":true,"href":"https:\/\/www.ilheusnoticias.net.br\/v1\/wp-json\/wp\/v2\/users\/2"}],"replies":[{"embeddable":true,"href":"https:\/\/www.ilheusnoticias.net.br\/v1\/wp-json\/wp\/v2\/comments?post=11755"}],"version-history":[{"count":1,"href":"https:\/\/www.ilheusnoticias.net.br\/v1\/wp-json\/wp\/v2\/posts\/11755\/revisions"}],"predecessor-version":[{"id":11756,"href":"https:\/\/www.ilheusnoticias.net.br\/v1\/wp-json\/wp\/v2\/posts\/11755\/revisions\/11756"}],"wp:attachment":[{"href":"https:\/\/www.ilheusnoticias.net.br\/v1\/wp-json\/wp\/v2\/media?parent=11755"}],"wp:term":[{"taxonomy":"category","embeddable":true,"href":"https:\/\/www.ilheusnoticias.net.br\/v1\/wp-json\/wp\/v2\/categories?post=11755"},{"taxonomy":"post_tag","embeddable":true,"href":"https:\/\/www.ilheusnoticias.net.br\/v1\/wp-json\/wp\/v2\/tags?post=11755"}],"curies":[{"name":"wp","href":"https:\/\/api.w.org\/{rel}","templated":true}]}}