{"id":11751,"date":"2018-01-10T12:26:17","date_gmt":"2018-01-10T15:26:17","guid":{"rendered":"http:\/\/www.ilheusnoticias.net.br\/v1\/?p=11751"},"modified":"2018-01-10T12:26:17","modified_gmt":"2018-01-10T15:26:17","slug":"criancas-acolhidas-pela-prefeitura-se-divertem-em-brinquedos-do-parque-de-diversoes-em-ilheus","status":"publish","type":"post","link":"https:\/\/www.ilheusnoticias.net.br\/v1\/2018\/01\/10\/criancas-acolhidas-pela-prefeitura-se-divertem-em-brinquedos-do-parque-de-diversoes-em-ilheus\/","title":{"rendered":"Crian\u00e7as acolhidas pela Prefeitura se divertem em  brinquedos do Parque de Divers\u00f5es em Ilh\u00e9us"},"content":{"rendered":"<p class=\"x_MsoNormal\" align=\"center\">\n<p class=\"x_MsoNormal\">\u00a0<img loading=\"lazy\" class=\"\" src=\"https:\/\/attachment.outlook.office.net\/owa\/laudiceacarvalho62@hotmail.com\/service.svc\/s\/GetAttachmentThumbnail?id=AQMkADAwATYwMAItY2MANTgtODQxNC0wMAItMDAKAEYAAANqOYr2uMN4Qoz6pFp%2FhFoeBwAsxvM0hWqyT6EfSeQ8%2BPgA8AAAAgEMAAAALMbzNIVqsk%2BhH0nkPPj4APAAAVDeQXAAAAABEgAQAL%2BiDWuyLylIsLE4R1l359Q%3D&amp;thumbnailType=2&amp;X-OWA-CANARY=zSxDaw7ey0CxNYWX1wlDDfCtGjo-WNUYv1WSJKObmCbI4gaYhA-2wx19B6vwPolZPpDcIepYr6A.&amp;token=eyJ0eXAiOiJKV1QiLCJhbGciOiJSUzI1NiIsIng1dCI6ImVuaDlCSnJWUFU1aWpWMXFqWmpWLWZMMmJjbyJ9.eyJ2ZXIiOiJFeGNoYW5nZS5DYWxsYmFjay5WMSIsImFwcGN0eHNlbmRlciI6Ik93YURvd25sb2FkQDg0ZGY5ZTdmLWU5ZjYtNDBhZi1iNDM1LWFhYWFhYWFhYWFhYSIsImFwcGN0eCI6IntcIm1zZXhjaHByb3RcIjpcIm93YVwiLFwicHJpbWFyeXNpZFwiOlwiUy0xLTI4MjctMzkzMjE2LTM0MjgzNTMwNDRcIixcInB1aWRcIjpcIjE2ODg4NTMyODg2MTY5ODBcIixcIm9pZFwiOlwiMDAwNjAwMDAtY2M1OC04NDE0LTAwMDAtMDAwMDAwMDAwMDAwXCIsXCJzY29wZVwiOlwiT3dhRG93bmxvYWRcIn0iLCJpc3MiOiIwMDAwMDAwMi0wMDAwLTBmZjEtY2UwMC0wMDAwMDAwMDAwMDBAODRkZjllN2YtZTlmNi00MGFmLWI0MzUtYWFhYWFhYWFhYWFhIiwiYXVkIjoiMDAwMDAwMDItMDAwMC0wZmYxLWNlMDAtMDAwMDAwMDAwMDAwL2F0dGFjaG1lbnQub3V0bG9vay5vZmZpY2UubmV0QDg0ZGY5ZTdmLWU5ZjYtNDBhZi1iNDM1LWFhYWFhYWFhYWFhYSIsImV4cCI6MTUxNTU5ODM4MiwibmJmIjoxNTE1NTk3NzgyfQ.lCvOIBBVQM9ky1Q4ubzCNIUySJZW411uvakGiWftr5DNtax8KEHX3sJhIXuwbaxoyfW0ZVX8uLn-1xBPfXJlSrGEybx-lO0LjGCrKYkg7GDC6PRajyFQC37emttWGyPL8dzb_X64K5kw2dn_v_xr4TugtHzpt-obtFfkvVJYBb4S1TRJMmbCVvyPmHfpVR-Glm2me-85VyUzE0C2NhygGUro5c5lF3B--60ZIKqoeF-aGt7xQ6s7II5Mj0x1atAtHu8YARSEoN-zqZuZ6vzZMz2eZ2KciT739BUwdb5cb555Op7Q9taQvTGtC3mrmjaMh0r-K_nsM7miKKhS4DNBcA&amp;owa=outlook.live.com&amp;isc=1\" alt=\"\" width=\"441\" height=\"248\" \/><\/p>\n<p class=\"x_MsoNormal\">Crian\u00e7as atendidas pela Institui\u00e7\u00e3o de Acolhimento Renascer tiveram no in\u00edcio da noite de ontem (9) um momento especial de divers\u00e3o e lazer na avenida Soares Lopes. Elas visitaram o Parque de Divers\u00f5es instalado na avenida Soares Lopes e se divertiram nos brinquedos, ao lado de outras crian\u00e7as. \u201cLevamos uma primeira turma. Mas todas ser\u00e3o contempladas nos pr\u00f3ximos dias \u201c, explicou a coordenadora da institui\u00e7\u00e3o, Adriana Montenegro.<\/p>\n<p class=\"x_MsoNormal\">A coordenadora revela que neste per\u00edodo de f\u00e9rias escolares, atendendo a uma determina\u00e7\u00e3o da Secretaria Municipal de Desenvolvimento Social (SDS), foi criada uma agenda de atividades de lazer e recrea\u00e7\u00e3o para que as crian\u00e7as n\u00e3o fiquem restritas \u00e0 rotina da casa. \u201cPromovemos um processo de socializa\u00e7\u00e3o e integra\u00e7\u00e3o que n\u00e3o se restringe apenas \u00e0 visita\u00e7\u00e3o ao parque. Levamos grupos para conhecer aspectos hist\u00f3ricos e culturais da cidade, passeios em locais p\u00fablicos, catedral, Ves\u00favio, acampamento, tarde na pra\u00e7a\u201d, exemplifica. A secret\u00e1ria Soane Galv\u00e3o acompanhou as crian\u00e7as e participou das brincadeiras.<\/p>\n<p class=\"x_MsoNormal\"><!--more--><\/p>\n<p class=\"x_MsoNormal\">O primeiro grupo contemplado foi de crian\u00e7as de 8 a 10 anos de idade. Hoje 33 crian\u00e7as s\u00e3o atendidas pela Institui\u00e7\u00e3o de Acolhimento Renascer. S\u00e3o menores retirados do conv\u00edvio familiar por medida de prote\u00e7\u00e3o, v\u00edtimas de alguma viol\u00eancia (f\u00edsica ou psicol\u00f3gica), neglig\u00eancia ou abuso sexual. A institui\u00e7\u00e3o tamb\u00e9m realiza trabalhos e acompanhamos as fam\u00edlias buscando a possibilidade de retorno das crian\u00e7as ao conv\u00edvio familiar.<\/p>\n<p class=\"x_MsoNormal\">\u201cS\u00f3 quando esgotadas todos as possibilidades \u00e9 que as crian\u00e7as s\u00e3o destitu\u00eddas do poder familiar e encaminhadas para ado\u00e7\u00e3o\u201d, explica Montenegro. Durante o Acolhimento, a Secretaria de Desenvolvimento Social assegura todos os direitos ao menor. Exemplo disso \u00e9 que todas as crian\u00e7as em idade escolar est\u00e3o inseridas em escolas p\u00fablicas e particulares (atrav\u00e9s de bolsa), t\u00eam acompanhamento de sa\u00fade, nutricional, protecional e de lazer.<\/p>\n<p class=\"x_MsoNormal\">\n","protected":false},"excerpt":{"rendered":"<p>\u00a0 Crian\u00e7as atendidas pela Institui\u00e7\u00e3o de Acolhimento Renascer tiveram no in\u00edcio da noite de ontem (9) um momento especial de divers\u00e3o e lazer na avenida Soares Lopes. Elas visitaram o Parque de Divers\u00f5es instalado na avenida Soares Lopes e se divertiram nos brinquedos, ao lado de outras crian\u00e7as. \u201cLevamos uma primeira turma. Mas todas ser\u00e3o [&hellip;]<\/p>\n","protected":false},"author":2,"featured_media":0,"comment_status":"open","ping_status":"open","sticky":false,"template":"","format":"standard","meta":{"_links_to":"","_links_to_target":""},"categories":[7,8,1],"tags":[],"_links":{"self":[{"href":"https:\/\/www.ilheusnoticias.net.br\/v1\/wp-json\/wp\/v2\/posts\/11751"}],"collection":[{"href":"https:\/\/www.ilheusnoticias.net.br\/v1\/wp-json\/wp\/v2\/posts"}],"about":[{"href":"https:\/\/www.ilheusnoticias.net.br\/v1\/wp-json\/wp\/v2\/types\/post"}],"author":[{"embeddable":true,"href":"https:\/\/www.ilheusnoticias.net.br\/v1\/wp-json\/wp\/v2\/users\/2"}],"replies":[{"embeddable":true,"href":"https:\/\/www.ilheusnoticias.net.br\/v1\/wp-json\/wp\/v2\/comments?post=11751"}],"version-history":[{"count":1,"href":"https:\/\/www.ilheusnoticias.net.br\/v1\/wp-json\/wp\/v2\/posts\/11751\/revisions"}],"predecessor-version":[{"id":11752,"href":"https:\/\/www.ilheusnoticias.net.br\/v1\/wp-json\/wp\/v2\/posts\/11751\/revisions\/11752"}],"wp:attachment":[{"href":"https:\/\/www.ilheusnoticias.net.br\/v1\/wp-json\/wp\/v2\/media?parent=11751"}],"wp:term":[{"taxonomy":"category","embeddable":true,"href":"https:\/\/www.ilheusnoticias.net.br\/v1\/wp-json\/wp\/v2\/categories?post=11751"},{"taxonomy":"post_tag","embeddable":true,"href":"https:\/\/www.ilheusnoticias.net.br\/v1\/wp-json\/wp\/v2\/tags?post=11751"}],"curies":[{"name":"wp","href":"https:\/\/api.w.org\/{rel}","templated":true}]}}