{"id":11749,"date":"2018-01-10T12:23:59","date_gmt":"2018-01-10T15:23:59","guid":{"rendered":"http:\/\/www.ilheusnoticias.net.br\/v1\/?p=11749"},"modified":"2018-01-10T12:23:59","modified_gmt":"2018-01-10T15:23:59","slug":"rui-participa-da-lavagem-do-bonfim-nesta-quinta-feira","status":"publish","type":"post","link":"https:\/\/www.ilheusnoticias.net.br\/v1\/2018\/01\/10\/rui-participa-da-lavagem-do-bonfim-nesta-quinta-feira\/","title":{"rendered":"Rui participa da Lavagem do Bonfim nesta quinta-feira"},"content":{"rendered":"<p><b><br \/>\n<\/b><a href=\"http:\/\/www.ilheusnoticias.net.br\/v1\/wp-content\/uploads\/2018\/01\/IMG-20180102-WA0065.jpg\" rel=\"attachment wp-att-11513\"><img loading=\"lazy\" class=\"aligncenter size-full wp-image-11513\" src=\"http:\/\/www.ilheusnoticias.net.br\/v1\/wp-content\/uploads\/2018\/01\/IMG-20180102-WA0065.jpg\" alt=\"IMG-20180102-WA0065.jpg\" width=\"512\" height=\"341\" srcset=\"https:\/\/www.ilheusnoticias.net.br\/v1\/wp-content\/uploads\/2018\/01\/IMG-20180102-WA0065.jpg 512w, https:\/\/www.ilheusnoticias.net.br\/v1\/wp-content\/uploads\/2018\/01\/IMG-20180102-WA0065-300x200.jpg 300w\" sizes=\"(max-width: 512px) 100vw, 512px\" \/><\/a><\/p>\n<p>O governador Rui Costa participa, nesta quinta-feira (11), em Salvador, da tradicional Lavagem do Bonfim. \u00c0s 7h50, Rui chega \u00e0 Igreja da Concei\u00e7\u00e3o da Praia e, \u00e0s 8h, participa do Ato Ecum\u00eanico no adro da Bas\u00edlica de Nossa Senhora da Concei\u00e7\u00e3o da Praia. Logo ap\u00f3s, \u00e0s 8h30, o governador acompanha o cortejo at\u00e9 a Colina Sagrada.<\/p>\n","protected":false},"excerpt":{"rendered":"<p>O governador Rui Costa participa, nesta quinta-feira (11), em Salvador, da tradicional Lavagem do Bonfim. \u00c0s 7h50, Rui chega \u00e0 Igreja da Concei\u00e7\u00e3o da Praia e, \u00e0s 8h, participa do Ato Ecum\u00eanico no adro da Bas\u00edlica de Nossa Senhora da Concei\u00e7\u00e3o da Praia. Logo ap\u00f3s, \u00e0s 8h30, o governador acompanha o cortejo at\u00e9 a Colina [&hellip;]<\/p>\n","protected":false},"author":2,"featured_media":0,"comment_status":"open","ping_status":"open","sticky":false,"template":"","format":"standard","meta":{"_links_to":"","_links_to_target":""},"categories":[7,9,8,1],"tags":[],"_links":{"self":[{"href":"https:\/\/www.ilheusnoticias.net.br\/v1\/wp-json\/wp\/v2\/posts\/11749"}],"collection":[{"href":"https:\/\/www.ilheusnoticias.net.br\/v1\/wp-json\/wp\/v2\/posts"}],"about":[{"href":"https:\/\/www.ilheusnoticias.net.br\/v1\/wp-json\/wp\/v2\/types\/post"}],"author":[{"embeddable":true,"href":"https:\/\/www.ilheusnoticias.net.br\/v1\/wp-json\/wp\/v2\/users\/2"}],"replies":[{"embeddable":true,"href":"https:\/\/www.ilheusnoticias.net.br\/v1\/wp-json\/wp\/v2\/comments?post=11749"}],"version-history":[{"count":1,"href":"https:\/\/www.ilheusnoticias.net.br\/v1\/wp-json\/wp\/v2\/posts\/11749\/revisions"}],"predecessor-version":[{"id":11750,"href":"https:\/\/www.ilheusnoticias.net.br\/v1\/wp-json\/wp\/v2\/posts\/11749\/revisions\/11750"}],"wp:attachment":[{"href":"https:\/\/www.ilheusnoticias.net.br\/v1\/wp-json\/wp\/v2\/media?parent=11749"}],"wp:term":[{"taxonomy":"category","embeddable":true,"href":"https:\/\/www.ilheusnoticias.net.br\/v1\/wp-json\/wp\/v2\/categories?post=11749"},{"taxonomy":"post_tag","embeddable":true,"href":"https:\/\/www.ilheusnoticias.net.br\/v1\/wp-json\/wp\/v2\/tags?post=11749"}],"curies":[{"name":"wp","href":"https:\/\/api.w.org\/{rel}","templated":true}]}}