{"id":11736,"date":"2018-01-10T10:32:32","date_gmt":"2018-01-10T13:32:32","guid":{"rendered":"http:\/\/www.ilheusnoticias.net.br\/v1\/?p=11736"},"modified":"2018-01-10T10:37:46","modified_gmt":"2018-01-10T13:37:46","slug":"atencao-prefeitura-edificio-misael-tavares-caindo-aos-pedacos-e-a-vida-das-pessoas-em-perigo","status":"publish","type":"post","link":"https:\/\/www.ilheusnoticias.net.br\/v1\/2018\/01\/10\/atencao-prefeitura-edificio-misael-tavares-caindo-aos-pedacos-e-a-vida-das-pessoas-em-perigo\/","title":{"rendered":"Aten\u00e7\u00e3o Prefeitura: Edif\u00edcio Misael Tavares, caindo aos peda\u00e7os e a  vida das pessoas em perigo"},"content":{"rendered":"<p><a href=\"http:\/\/www.ilheusnoticias.net.br\/v1\/wp-content\/uploads\/2018\/01\/mi3.jpg\" rel=\"attachment wp-att-11737\"><img loading=\"lazy\" class=\"aligncenter wp-image-11737\" src=\"http:\/\/www.ilheusnoticias.net.br\/v1\/wp-content\/uploads\/2018\/01\/mi3.jpg\" alt=\"mi3\" width=\"438\" height=\"246\" srcset=\"https:\/\/www.ilheusnoticias.net.br\/v1\/wp-content\/uploads\/2018\/01\/mi3.jpg 960w, https:\/\/www.ilheusnoticias.net.br\/v1\/wp-content\/uploads\/2018\/01\/mi3-300x168.jpg 300w\" sizes=\"(max-width: 438px) 100vw, 438px\" \/><\/a><\/p>\n<p><a href=\"http:\/\/www.ilheusnoticias.net.br\/v1\/wp-content\/uploads\/2018\/01\/m4.jpg\" rel=\"attachment wp-att-11738\"><img loading=\"lazy\" class=\"aligncenter wp-image-11738\" src=\"http:\/\/www.ilheusnoticias.net.br\/v1\/wp-content\/uploads\/2018\/01\/m4.jpg\" alt=\"m4\" width=\"445\" height=\"250\" srcset=\"https:\/\/www.ilheusnoticias.net.br\/v1\/wp-content\/uploads\/2018\/01\/m4.jpg 960w, https:\/\/www.ilheusnoticias.net.br\/v1\/wp-content\/uploads\/2018\/01\/m4-300x168.jpg 300w\" sizes=\"(max-width: 445px) 100vw, 445px\" \/><\/a><\/p>\n<p>&nbsp;<\/p>\n<p>Denuncias chegaram at\u00e9 a nossa reda\u00e7\u00e3o, al\u00e9m da preocupa\u00e7\u00e3o eminente dos transeuntes e donos de escrit\u00f3rios do Pr\u00e9dio Misael Tavares, localizado na Pra\u00e7a do mesmo nome , no Centro de Ilh\u00e9us, que as lajotas(cer\u00e2micas) colocadas na faixada do pr\u00e9dio est\u00e3o caindo a todo instante, e ai, o risco eminente de ferir\u00a0 transeuntes ou atingir um veiculo que por ali passa. De acordo o denunciante ele disse &#8220;Quase cai na cabe\u00e7a de um pedestre. Sinal que pode desabar a qualquer momento&#8221;. Contra fotos n\u00e3o h\u00e1 argumentos.<\/p>\n<p><a href=\"http:\/\/www.ilheusnoticias.net.br\/v1\/wp-content\/uploads\/2018\/01\/mi-1.jpg\" rel=\"attachment wp-att-11739\"><img loading=\"lazy\" class=\"aligncenter wp-image-11739\" src=\"http:\/\/www.ilheusnoticias.net.br\/v1\/wp-content\/uploads\/2018\/01\/mi-1.jpg\" alt=\"mi 1\" width=\"461\" height=\"259\" srcset=\"https:\/\/www.ilheusnoticias.net.br\/v1\/wp-content\/uploads\/2018\/01\/mi-1.jpg 1280w, https:\/\/www.ilheusnoticias.net.br\/v1\/wp-content\/uploads\/2018\/01\/mi-1-300x169.jpg 300w, https:\/\/www.ilheusnoticias.net.br\/v1\/wp-content\/uploads\/2018\/01\/mi-1-1024x575.jpg 1024w\" sizes=\"(max-width: 461px) 100vw, 461px\" \/><\/a><\/p>\n<p>&nbsp;<\/p>\n","protected":false},"excerpt":{"rendered":"<p>&nbsp; Denuncias chegaram at\u00e9 a nossa reda\u00e7\u00e3o, al\u00e9m da preocupa\u00e7\u00e3o eminente dos transeuntes e donos de escrit\u00f3rios do Pr\u00e9dio Misael Tavares, localizado na Pra\u00e7a do mesmo nome , no Centro de Ilh\u00e9us, que as lajotas(cer\u00e2micas) colocadas na faixada do pr\u00e9dio est\u00e3o caindo a todo instante, e ai, o risco eminente de ferir\u00a0 transeuntes ou atingir [&hellip;]<\/p>\n","protected":false},"author":2,"featured_media":0,"comment_status":"open","ping_status":"open","sticky":false,"template":"","format":"standard","meta":{"_links_to":"","_links_to_target":""},"categories":[7,9,8,1],"tags":[],"_links":{"self":[{"href":"https:\/\/www.ilheusnoticias.net.br\/v1\/wp-json\/wp\/v2\/posts\/11736"}],"collection":[{"href":"https:\/\/www.ilheusnoticias.net.br\/v1\/wp-json\/wp\/v2\/posts"}],"about":[{"href":"https:\/\/www.ilheusnoticias.net.br\/v1\/wp-json\/wp\/v2\/types\/post"}],"author":[{"embeddable":true,"href":"https:\/\/www.ilheusnoticias.net.br\/v1\/wp-json\/wp\/v2\/users\/2"}],"replies":[{"embeddable":true,"href":"https:\/\/www.ilheusnoticias.net.br\/v1\/wp-json\/wp\/v2\/comments?post=11736"}],"version-history":[{"count":3,"href":"https:\/\/www.ilheusnoticias.net.br\/v1\/wp-json\/wp\/v2\/posts\/11736\/revisions"}],"predecessor-version":[{"id":11742,"href":"https:\/\/www.ilheusnoticias.net.br\/v1\/wp-json\/wp\/v2\/posts\/11736\/revisions\/11742"}],"wp:attachment":[{"href":"https:\/\/www.ilheusnoticias.net.br\/v1\/wp-json\/wp\/v2\/media?parent=11736"}],"wp:term":[{"taxonomy":"category","embeddable":true,"href":"https:\/\/www.ilheusnoticias.net.br\/v1\/wp-json\/wp\/v2\/categories?post=11736"},{"taxonomy":"post_tag","embeddable":true,"href":"https:\/\/www.ilheusnoticias.net.br\/v1\/wp-json\/wp\/v2\/tags?post=11736"}],"curies":[{"name":"wp","href":"https:\/\/api.w.org\/{rel}","templated":true}]}}