{"id":11730,"date":"2018-01-10T09:23:28","date_gmt":"2018-01-10T12:23:28","guid":{"rendered":"http:\/\/www.ilheusnoticias.net.br\/v1\/?p=11730"},"modified":"2018-01-10T09:23:28","modified_gmt":"2018-01-10T12:23:28","slug":"cinco-baianos-sao-presos-na-argentina-suspeitos-de-estuprar-e-matar-adolescente-de-15-anos","status":"publish","type":"post","link":"https:\/\/www.ilheusnoticias.net.br\/v1\/2018\/01\/10\/cinco-baianos-sao-presos-na-argentina-suspeitos-de-estuprar-e-matar-adolescente-de-15-anos\/","title":{"rendered":"Cinco baianos s\u00e3o presos na Argentina suspeitos de estuprar e matar adolescente de 15 anos"},"content":{"rendered":"<div class=\"row content-head\"><\/div>\n<div class=\"mc-article-body\">\n<article>\n<div class=\"mc-column content-media content-media--normal content-video\" data-block-type=\"backstage-video\" data-block-id=\"0\">\n<div class=\"content-media__container content-media__container--loaded\">\n<div class=\"content-video__placeholder\" data-video-id=\"6410666\"><img loading=\"lazy\" class=\"content-video__placeholder__thumb\" title=\"Jovem de Feira de Santana \u00e9 preso na Argentina, acusado de estuprar e matar adolescente\" src=\"https:\/\/s03.video.glbimg.com\/x720\/6410666.jpg\" alt=\"Jovem de Feira de Santana \u00e9 preso na Argentina, acusado de estuprar e matar adolescente\" width=\"348\" height=\"196\" \/><\/div>\n<\/div>\n<div class=\"content-media__description-centered\">\n<p class=\"content-media__description\"><span class=\"content-media__description__caption\">Jovem de Feira de Santana \u00e9 preso na Argentina, acusado de estuprar e matar adolescente<\/span><\/p>\n<p class=\"content-media__description\">Cinco baianos, quatro da cidade de Cip\u00f3 e um de Feira de Santana, a 100 quil\u00f4metros de Salvador, foram presos na Argentina suspeitos de estuprar e matar uma jovem de 15 anos. O crime teria ocorrido no r\u00e9veillon, e os suspeitos foram presos pela pol\u00edcia local no dia 1\u00ba de janeiro.<\/p>\n<\/div>\n<\/div>\n<div class=\"mc-column content-text active-extra-styles \" data-block-type=\"unstyled\" data-block-weight=\"57\" data-block-id=\"3\">\n<p class=\"content-text__container \" data-track-category=\"Link no Texto\" data-track-links=\"\">Conforme a imprensa local, a adolescente Irina Diana Lopez foi encontrada no quatro de uma pens\u00e3o da cidade de Correntes. Uma irm\u00e3 da v\u00edtima encontrou o corpo. A jovem morta estava sem roupas e apresentava sinais de espancamento e sangramento nas partes \u00edntimas. O filho da v\u00edtima, de 6 meses de idade, estava ao lado do corpo.<\/p>\n<\/div>\n<\/article>\n<\/div>\n<p class=\"content-text__container \" data-track-category=\"Link no Texto\" data-track-links=\"\"><!--more--><\/p>\n<div class=\"mc-article-body\">\n<article>\n<div class=\"mc-column content-text active-extra-styles \" data-block-type=\"unstyled\" data-block-weight=\"46\" data-block-id=\"4\">\n<p class=\"content-text__container \" data-track-category=\"Link no Texto\" data-track-links=\"\">O caso ganhou destaque nos jornais argentinos. Um dos suspeitos presos foi Wenderson de Souza Bacelar, de 21 anos, que \u00e9 natural de Feira de Santana. Ainda de acordo com a imprensa local, a v\u00edtima era namorada de Wenderson. Os demais suspeitos n\u00e3o tiveram identidades divulgadas.<\/p>\n<\/div>\n<div class=\"mc-column content-text active-extra-styles \" data-block-type=\"unstyled\" data-block-weight=\"61\" data-block-id=\"5\">\n<p class=\"content-text__container \" data-track-category=\"Link no Texto\" data-track-links=\"\">Na Bahia, o pai do suspeito, Edcarlos Bacelar, falou com a imprensa nesta ter\u00e7a-feira (9) sobre a situa\u00e7\u00e3o do filho. Ele disse Wenderson foi para a Argentina h\u00e1 6 meses vender redes. Contou que o filho j\u00e1 tem uma mulher no Brasil, com quem tem um filho de um ano, mas disse que o rapaz tinha envolvimento com a jovem argentina.<\/p>\n<\/div>\n<div data-track-category=\"fim do conteudo\" data-track-action=\"ultimo chunk conteudo\" data-track-noninteraction=\"false\" data-track-scroll=\"entrada completa viewport\">\n<div class=\"mc-column content-text active-extra-styles \" data-block-type=\"unstyled\" data-block-weight=\"33\" data-block-id=\"6\">\n<p class=\"content-text__container \" data-track-category=\"Link no Texto\" data-track-links=\"\">Afirmou, no entanto, n\u00e3o acreditar que o filho tenha envolvimento com o crime. &#8220;Eu tenho certeza que envolvido ele n\u00e3o est\u00e1. Nem ele e nem os outros que foram presos com ele&#8221;, disse.<\/p>\n<\/div>\n<\/div>\n<\/article>\n<\/div>\n","protected":false},"excerpt":{"rendered":"<p>Jovem de Feira de Santana \u00e9 preso na Argentina, acusado de estuprar e matar adolescente Cinco baianos, quatro da cidade de Cip\u00f3 e um de Feira de Santana, a 100 quil\u00f4metros de Salvador, foram presos na Argentina suspeitos de estuprar e matar uma jovem de 15 anos. O crime teria ocorrido no r\u00e9veillon, e os [&hellip;]<\/p>\n","protected":false},"author":2,"featured_media":0,"comment_status":"open","ping_status":"open","sticky":false,"template":"","format":"standard","meta":{"_links_to":"","_links_to_target":""},"categories":[7,9,8,1,5],"tags":[],"_links":{"self":[{"href":"https:\/\/www.ilheusnoticias.net.br\/v1\/wp-json\/wp\/v2\/posts\/11730"}],"collection":[{"href":"https:\/\/www.ilheusnoticias.net.br\/v1\/wp-json\/wp\/v2\/posts"}],"about":[{"href":"https:\/\/www.ilheusnoticias.net.br\/v1\/wp-json\/wp\/v2\/types\/post"}],"author":[{"embeddable":true,"href":"https:\/\/www.ilheusnoticias.net.br\/v1\/wp-json\/wp\/v2\/users\/2"}],"replies":[{"embeddable":true,"href":"https:\/\/www.ilheusnoticias.net.br\/v1\/wp-json\/wp\/v2\/comments?post=11730"}],"version-history":[{"count":1,"href":"https:\/\/www.ilheusnoticias.net.br\/v1\/wp-json\/wp\/v2\/posts\/11730\/revisions"}],"predecessor-version":[{"id":11731,"href":"https:\/\/www.ilheusnoticias.net.br\/v1\/wp-json\/wp\/v2\/posts\/11730\/revisions\/11731"}],"wp:attachment":[{"href":"https:\/\/www.ilheusnoticias.net.br\/v1\/wp-json\/wp\/v2\/media?parent=11730"}],"wp:term":[{"taxonomy":"category","embeddable":true,"href":"https:\/\/www.ilheusnoticias.net.br\/v1\/wp-json\/wp\/v2\/categories?post=11730"},{"taxonomy":"post_tag","embeddable":true,"href":"https:\/\/www.ilheusnoticias.net.br\/v1\/wp-json\/wp\/v2\/tags?post=11730"}],"curies":[{"name":"wp","href":"https:\/\/api.w.org\/{rel}","templated":true}]}}