{"id":11728,"date":"2018-01-10T09:20:57","date_gmt":"2018-01-10T12:20:57","guid":{"rendered":"http:\/\/www.ilheusnoticias.net.br\/v1\/?p=11728"},"modified":"2018-01-10T09:20:57","modified_gmt":"2018-01-10T12:20:57","slug":"homem-e-preso-por-matar-10-pessoas-na-bahia-e-alega-que-vitimas-nao-eram-inocentes","status":"publish","type":"post","link":"https:\/\/www.ilheusnoticias.net.br\/v1\/2018\/01\/10\/homem-e-preso-por-matar-10-pessoas-na-bahia-e-alega-que-vitimas-nao-eram-inocentes\/","title":{"rendered":"Homem \u00e9 preso por matar 10 pessoas na Bahia e alega que v\u00edtimas n\u00e3o eram inocentes"},"content":{"rendered":"<div class=\"row content-head\"><\/div>\n<div class=\"row content-share-bar\">\n<div class=\"column medium-centered medium-22 large-20 content-share-bar__container\">\n<div id=\"share-bar\" class=\"share-bar share-bar-container share-theme-minimal share-bar-container share-theme-minimal\" data-url=\"https:\/\/g1.globo.com\/ba\/bahia\/noticia\/homem-e-preso-por-matar-10-pessoas-e-alega-que-vitimas-nao-eram-inocentes-em-feira-de-santana.ghtml\" data-title=\"Homem \u00e9 preso por matar 10 pessoas na Bahia e alega que v\u00edtimas n\u00e3o eram inocentes\" data-image-url=\"https:\/\/s2.glbimg.com\/7eZoErnArAphPLsx1fAIhHIpC58=\/1200x\/smart\/filters:cover():strip_icc()\/i.s3.glbimg.com\/v1\/AUTH_59edd422c0c84a879bd37670ae4f538a\/internal_photos\/bs\/2018\/X\/4\/NcSfeMTf68plz79r9LnQ\/kaike-bispo-cortada.jpg\"><\/div>\n<\/div>\n<\/div>\n<div class=\"mc-article-body\">\n<article>\n<div class=\"mc-column content-media content-media--normal  content-photo\" data-block-type=\"backstage-photo\" data-block-id=\"0\">\n<div class=\"content-media__container\">\n<div class=\"content-media__image-centered\">\n<div class=\"progressive-img can-open-lightbox\" data-min-size=\"1008x631\" data-min-size-url=\"https:\/\/s2.glbimg.com\/J2ZM7lnxwh21bOAdVGeV_aOmfc8=\/0x0:1700x1065\/1008x0\/smart\/filters:strip_icc()\/i.s3.glbimg.com\/v1\/AUTH_59edd422c0c84a879bd37670ae4f538a\/internal_photos\/bs\/2018\/X\/4\/NcSfeMTf68plz79r9LnQ\/kaike-bispo-cortada.jpg\" data-max-size=\"1600x1002\" data-max-size-url=\"https:\/\/s2.glbimg.com\/SzyzptAw9l97ukjO--fwgwifjrA=\/0x0:1700x1065\/1600x0\/smart\/filters:strip_icc()\/i.s3.glbimg.com\/v1\/AUTH_59edd422c0c84a879bd37670ae4f538a\/internal_photos\/bs\/2018\/X\/4\/NcSfeMTf68plz79r9LnQ\/kaike-bispo-cortada.jpg\" data-media-index=\"0\"><img class=\"progressive-draft\" title=\"Kaike Bispo, 31 anos, alegou em depoimento que n\u00e3o matou inocentes (Foto: Divulga\u00e7\u00e3o\/SSP-BA)\" src=\"data:image\/jpeg;base64,\/9j\/4AAQSkZJRgABAQAAAQABAAD\/2wBDAAMCAgMCAgMDAwMEAwMEBQgFBQQEBQoHBwYIDAoMDAsKCwsNDhIQDQ4RDgsLEBYQERMUFRUVDA8XGBYUGBIUFRT\/2wBDAQMEBAUEBQkFBQkUDQsNFBQUFBQUFBQUFBQUFBQUFBQUFBQUFBQUFBQUFBQUFBQUFBQUFBQUFBQUFBQUFBQUFBT\/wgARCAAQABkDASIAAhEBAxEB\/8QAFwAAAwEAAAAAAAAAAAAAAAAABAUGA\/\/EABYBAQEBAAAAAAAAAAAAAAAAAAMBBf\/aAAwDAQACEAMQAAABClx3NQ2ZY56Qf\/\/EAB0QAAEEAgMAAAAAAAAAAAAAAAUBAgMEABMUFSX\/2gAIAQEAAQUCHmRtZyjkY8PYhCU\/PxwydJbewlKX5hG11hXP\/8QAGxEAAQQDAAAAAAAAAAAAAAAAAQACAwQREiH\/2gAIAQMBAT8BrRd2KewxnBX\/xAAaEQACAgMAAAAAAAAAAAAAAAACAwABBBIj\/9oACAECAQE\/Ac5oDzC4i1uDein\/xAAnEAABAwMDAQkAAAAAAAAAAAACAQMRAAQSBRMhNRQiIzJBgZGjwf\/aAAgBAQAGPwJ5wtSFwSLhMS4p5Li3TcTyopQo+tPhqLnZXLrxG5SchiJ4rrf0lR292yjCwhKmQqse1G5n34xJHKtzEReMQ2cEiS\/K6W78t1\/\/xAAfEAEAAgICAgMAAAAAAAAAAAABABEhMVGRYXGhwfD\/2gAIAQEAAT8hc0LkzYampNy06V8twdKBF8C8esS5JamUyTRTC99wWFjLyBqqJhmZMAtm+VcT8N9T\/9oADAMBAAIAAwAAABAnv\/\/EABcRAAMBAAAAAAAAAAAAAAAAAAABESH\/2gAIAQMBAT8Qe4MZGsP\/xAAbEQEAAgIDAAAAAAAAAAAAAAABETEAIVFhsf\/aAAgBAgEBPxA+esipWqJI58wVuNkhCdJn\/8QAHhABAAIDAAIDAAAAAAAAAAAAAREhADFhEFFBgfD\/2gAIAQEAAT8QpiY9FICvewNfRRA7c8BCgZs7rJPbWVgAgFklLmcf47h7IFIpPQgGfk1g4zB5HBoILrvMMnNxsohsrQkEVPh7\/9k=\" alt=\"Kaike Bispo, 31 anos, alegou em depoimento que n\u00e3o matou inocentes (Foto: Divulga\u00e7\u00e3o\/SSP-BA)\" \/><picture><img loading=\"lazy\" class=\"image content-media__image progressive-loaded\" title=\"Kaike Bispo, 31 anos, alegou em depoimento que n\u00e3o matou inocentes (Foto: Divulga\u00e7\u00e3o\/SSP-BA)\" src=\"https:\/\/s2.glbimg.com\/7jIJmnh5yZEoqqFBGUBcFQA63IE=\/0x0:1700x1065\/984x0\/smart\/filters:strip_icc()\/i.s3.glbimg.com\/v1\/AUTH_59edd422c0c84a879bd37670ae4f538a\/internal_photos\/bs\/2018\/X\/4\/NcSfeMTf68plz79r9LnQ\/kaike-bispo-cortada.jpg\" alt=\"Kaike Bispo, 31 anos, alegou em depoimento que n\u00e3o matou inocentes (Foto: Divulga\u00e7\u00e3o\/SSP-BA)\" width=\"217\" height=\"136\" data-src=\"https:\/\/s2.glbimg.com\/7jIJmnh5yZEoqqFBGUBcFQA63IE=\/0x0:1700x1065\/984x0\/smart\/filters:strip_icc()\/i.s3.glbimg.com\/v1\/AUTH_59edd422c0c84a879bd37670ae4f538a\/internal_photos\/bs\/2018\/X\/4\/NcSfeMTf68plz79r9LnQ\/kaike-bispo-cortada.jpg\" \/><\/picture><\/div>\n<\/div>\n<div class=\"content-media__description-centered \">\n<p class=\"content-media__description\"><span class=\"content-media__description__caption\">Kaike Bispo, 31 anos, alegou em depoimento que n\u00e3o matou inocentes (Foto: Divulga\u00e7\u00e3o\/SSP-BA)<\/span><\/p>\n<\/div>\n<\/div>\n<\/div>\n<div class=\"mc-column content-text active-extra-styles active-capital-letter\" data-block-type=\"unstyled\" data-block-weight=\"35\" data-block-id=\"2\">\n<p class=\"content-text__container theme-color-primary-first-letter\" data-track-category=\"Link no Texto\" data-track-links=\"\">Um homem foi preso em Feira de Santana, a cerca de 100 km de Salvador, por suspeita de matar uma pessoa. Na delegacia, Kaike Bispo, de 31 anos, confessou o assassinato de outras nove pessoas.<\/p>\n<\/div>\n<div class=\"mc-column content-text active-extra-styles \" data-block-type=\"unstyled\" data-block-weight=\"24\" data-block-id=\"3\">\n<p class=\"content-text__container \" data-track-category=\"Link no Texto\" data-track-links=\"\">Ap\u00f3s a pris\u00e3o e a confiss\u00e3o dos 10 homic\u00eddios, Kaike disse \u00e0 pol\u00edcia que nunca matou inocentes e que as v\u00edtimas eram traficantes rivais.<\/p>\n<\/div>\n<\/article>\n<\/div>\n<p class=\"content-text__container \" data-track-category=\"Link no Texto\" data-track-links=\"\"><!--more--><\/p>\n<div class=\"mc-article-body\">\n<article>\n<div class=\"mc-column content-text active-extra-styles \" data-block-type=\"unstyled\" data-block-weight=\"37\" data-block-id=\"4\">\n<p class=\"content-text__container \" data-track-category=\"Link no Texto\" data-track-links=\"\">O suspeito foi detido na tarde de segunda-feira (8), nas proximidades do Shopping Boulevard. Segundo a Secretaria de Segun\u00e7a P\u00fablica da Bahia (SSP-BA), a pol\u00edcia tinha um mandado de pris\u00e3o contra ele por uma morte em 2014.<\/p>\n<\/div>\n<div class=\"mc-column content-text active-extra-styles \" data-block-type=\"unstyled\" data-block-weight=\"33\" data-block-id=\"5\">\n<p class=\"content-text__container \" data-track-category=\"Link no Texto\" data-track-links=\"\">Conforme o delegado Fl\u00e1vio G\u00f3is, diretor do Departamento de Pol\u00edcia do Interior (Depin), o depoimento de Kaike refor\u00e7a a realidade de que a maioria dos assassinatos possuem rela\u00e7\u00e3o com o tr\u00e1fico de drogas.<\/p>\n<\/div>\n<div data-track-category=\"fim do conteudo\" data-track-action=\"ultimo chunk conteudo\" data-track-noninteraction=\"false\" data-track-scroll=\"entrada completa viewport\">\n<div class=\"mc-column content-text active-extra-styles \" data-block-type=\"unstyled\" data-block-weight=\"16\" data-block-id=\"6\">\n<p class=\"content-text__container \" data-track-category=\"Link no Texto\" data-track-links=\"\">Depois de prestar depoimento, Kaike Bispo, foi encaminhado para o Pres\u00eddio Regional de Feira de Santana.<\/p>\n<\/div>\n<\/div>\n<\/article>\n<\/div>\n","protected":false},"excerpt":{"rendered":"<p>Kaike Bispo, 31 anos, alegou em depoimento que n\u00e3o matou inocentes (Foto: Divulga\u00e7\u00e3o\/SSP-BA) Um homem foi preso em Feira de Santana, a cerca de 100 km de Salvador, por suspeita de matar uma pessoa. Na delegacia, Kaike Bispo, de 31 anos, confessou o assassinato de outras nove pessoas. Ap\u00f3s a pris\u00e3o e a confiss\u00e3o dos [&hellip;]<\/p>\n","protected":false},"author":2,"featured_media":0,"comment_status":"open","ping_status":"open","sticky":false,"template":"","format":"standard","meta":{"_links_to":"","_links_to_target":""},"categories":[7,9,8,1,5],"tags":[],"_links":{"self":[{"href":"https:\/\/www.ilheusnoticias.net.br\/v1\/wp-json\/wp\/v2\/posts\/11728"}],"collection":[{"href":"https:\/\/www.ilheusnoticias.net.br\/v1\/wp-json\/wp\/v2\/posts"}],"about":[{"href":"https:\/\/www.ilheusnoticias.net.br\/v1\/wp-json\/wp\/v2\/types\/post"}],"author":[{"embeddable":true,"href":"https:\/\/www.ilheusnoticias.net.br\/v1\/wp-json\/wp\/v2\/users\/2"}],"replies":[{"embeddable":true,"href":"https:\/\/www.ilheusnoticias.net.br\/v1\/wp-json\/wp\/v2\/comments?post=11728"}],"version-history":[{"count":1,"href":"https:\/\/www.ilheusnoticias.net.br\/v1\/wp-json\/wp\/v2\/posts\/11728\/revisions"}],"predecessor-version":[{"id":11729,"href":"https:\/\/www.ilheusnoticias.net.br\/v1\/wp-json\/wp\/v2\/posts\/11728\/revisions\/11729"}],"wp:attachment":[{"href":"https:\/\/www.ilheusnoticias.net.br\/v1\/wp-json\/wp\/v2\/media?parent=11728"}],"wp:term":[{"taxonomy":"category","embeddable":true,"href":"https:\/\/www.ilheusnoticias.net.br\/v1\/wp-json\/wp\/v2\/categories?post=11728"},{"taxonomy":"post_tag","embeddable":true,"href":"https:\/\/www.ilheusnoticias.net.br\/v1\/wp-json\/wp\/v2\/tags?post=11728"}],"curies":[{"name":"wp","href":"https:\/\/api.w.org\/{rel}","templated":true}]}}