{"id":11689,"date":"2018-01-08T11:35:36","date_gmt":"2018-01-08T14:35:36","guid":{"rendered":"http:\/\/www.ilheusnoticias.net.br\/v1\/?p=11689"},"modified":"2018-01-08T11:35:36","modified_gmt":"2018-01-08T14:35:36","slug":"familia-de-jovem-que-denunciou-estupro-em-boate-na-ba-relata-ameacas-pelas-redes-sociais","status":"publish","type":"post","link":"https:\/\/www.ilheusnoticias.net.br\/v1\/2018\/01\/08\/familia-de-jovem-que-denunciou-estupro-em-boate-na-ba-relata-ameacas-pelas-redes-sociais\/","title":{"rendered":"Fam\u00edlia de jovem que denunciou estupro em boate na BA relata amea\u00e7as pelas redes sociais"},"content":{"rendered":"<div class=\"row content-head\"><\/div>\n<div class=\"row content-share-bar\">\n<div class=\"column medium-centered medium-22 large-20 content-share-bar__container\">\n<div id=\"share-bar\" class=\"share-bar share-bar-container share-theme-minimal share-bar-container share-theme-minimal\" data-url=\"https:\/\/g1.globo.com\/ba\/bahia\/noticia\/familia-de-jovem-que-denunciou-estupro-em-boate-na-ba-relata-ameacas-pelas-redes-sociais.ghtml\" data-title=\"Fam\u00edlia de jovem que denunciou estupro em boate na BA relata amea\u00e7as pelas redes sociais\" data-image-url=\"https:\/\/s2.glbimg.com\/23m1EvIE5QJtIrVWqp6wSd5YwMo=\/1200x\/smart\/filters:cover():strip_icc()\/s02.video.glbimg.com\/x720\/6403129.jpg\"><\/div>\n<\/div>\n<\/div>\n<div class=\"mc-article-body\">\n<article>\n<div class=\"mc-column content-media content-media--normal content-video\" data-block-type=\"backstage-video\" data-block-id=\"0\">\n<div class=\"content-media__container content-media__container--loaded\">\n<div class=\"content-video__placeholder\" data-video-id=\"6403129\"><img loading=\"lazy\" class=\"content-video__placeholder__thumb\" title=\"Fam\u00edlia de jovem que denunciou estupro em Jacobina recebe amea\u00e7a pelas redes sociais\" src=\"https:\/\/s02.video.glbimg.com\/x720\/6403129.jpg\" alt=\"Fam\u00edlia de jovem que denunciou estupro em Jacobina recebe amea\u00e7a pelas redes sociais\" width=\"441\" height=\"248\" \/><\/div>\n<\/div>\n<div class=\"content-media__description-centered\">\n<p class=\"content-media__description\"><span class=\"content-media__description__caption\">Fam\u00edlia de jovem que denunciou estupro em Jacobina recebe amea\u00e7a pelas redes sociais<\/span><\/p>\n<\/div>\n<\/div>\n<div class=\"mc-column mc-side-item__container\" data-block-type=\"ads\" data-block-id=\"1\">\n<div class=\"mc-side-item mc-side-item--right content-ads content-ads--side-ad\">\n<div id=\"banner_materia1\" class=\"tag-manager-publicidade-container tag-manager-publicidade-banner_materia1 tag-manager-publicidade-container--carregado tag-manager-publicidade-container--visivel\" data-google-query-id=\"COqo-ebKyNgCFU5GhgodhqQCVw\" data-cid=\"138215954547\" data-lid=\"4478729430\">\n<div id=\"google_ads_iframe_\/95377733\/tvg_G1\/Sua_Regiao&gt;Nordeste&gt;Bahia_1__container__\" style=\"box-sizing: inherit; margin: auto; padding: 0px; border: 0pt none; font-style: inherit; font-variant: inherit; font-weight: inherit; font-stretch: inherit; font-size: inherit; line-height: inherit; font-family: inherit; vertical-align: baseline; width: 300px; text-align: center;\"><\/div>\n<\/div>\n<\/div>\n<\/div>\n<div class=\"mc-column content-text active-extra-styles active-capital-letter\" data-block-type=\"unstyled\" data-block-weight=\"50\" data-block-id=\"2\">\n<p class=\"content-text__container theme-color-primary-first-letter\" data-track-category=\"Link no Texto\" data-track-links=\"\">A fam\u00edlia da jovem de 18 anos que denunciou um\u00a0<a href=\"https:\/\/g1.globo.com\/ba\/bahia\/noticia\/homem-e-preso-suspeito-de-estuprar-jovem-de-18-anos-em-boate-na-bahia-ele-diz-que-relacao-foi-consensual.ghtml\">homem de 34 anos por estupro, em Jacobina<\/a>, no norte da Bahia, relatou que recebeu diversas amea\u00e7as pelas redes sociais. O suspeito, Marcus Machado, est\u00e1 preso na delegacia de Jacobina e tamb\u00e9m\u00a0<a href=\"https:\/\/g1.globo.com\/ba\/bahia\/noticia\/suspeito-de-estuprar-jovem-em-boate-na-bahia-ja-responde-a-processo-por-estupro-de-vulneravel.ghtml\">j\u00e1 responde a processo por estupro de vulner\u00e1vel<\/a>.<\/p>\n<\/div>\n<div class=\"mc-column content-text active-extra-styles \" data-block-type=\"unstyled\" data-block-weight=\"26\" data-block-id=\"3\">\n<p class=\"content-text__container \" data-track-category=\"Link no Texto\" data-track-links=\"\">De acordo com um dos familiares da garota, ap\u00f3s a publica\u00e7\u00e3o do caso da jovem nas redes sociais, ele e o irm\u00e3o receberam mensagens com amea\u00e7as.<\/p>\n<\/div>\n<\/article>\n<\/div>\n<p class=\"content-text__container \" data-track-category=\"Link no Texto\" data-track-links=\"\"><!--more--><\/p>\n<div class=\"mc-article-body\">\n<article>\n<div class=\"mc-column content-text active-extra-styles \" data-block-type=\"unstyled\" data-block-weight=\"85\" data-block-id=\"4\">\n<p class=\"content-text__container \" data-track-category=\"Link no Texto\" data-track-links=\"\">&#8220;Eu recebi uma mensagem com amea\u00e7a de morte. Que ela dizia para eu ficar esperto, que iam me pegar. O perfil, ap\u00f3s a mensagem, foi deletado. Fui \u00e0 delegacia e registrei o caso. Depois foi a vez do meu irm\u00e3o. Ele recebeu essa mensagem [com amea\u00e7a] atrav\u00e9s de aplicativo. N\u00f3s queremos deixar claro que esse tipo de crime contra a mulher ele tem que ser combatido, mesmo sob essas amea\u00e7as, vamos continuar lutando e pedindo por Justi\u00e7a\u201d, contou o rapaz que preferiu n\u00e3o se identificar.<\/p>\n<\/div>\n<div class=\"mc-column content-text active-extra-styles \" data-block-type=\"unstyled\" data-block-weight=\"34\" data-block-id=\"5\">\n<p class=\"content-text__container \" data-track-category=\"Link no Texto\" data-track-links=\"\">Conforme refor\u00e7a Georgia Oliveira, coordenadora do Centro de Refer\u00eancia da Mulher em Senhor do Bonfim, que fica na regi\u00e3o de Jacobina, a integridade das mulheres \u00e9 uma responsabilidade que toda a sociedade precisa assumir.<\/p>\n<\/div>\n<div class=\"mc-column content-text active-extra-styles \" data-block-type=\"unstyled\" data-block-weight=\"38\" data-block-id=\"6\">\n<p class=\"content-text__container \" data-track-category=\"Link no Texto\" data-track-links=\"\">&#8220;Infelizmente n\u00f3s temos a cultura de silenciarmos certos crimes contra mulher ainda \u00e9 pertinente \u00e0 nossa sociedade devido \u00e0 cultura machista. A gente v\u00eam buscando romper esses paradigmas para ter \u00eaxito nesse enfrentamento e nesse combate&#8221;, disse Georgia.<\/p>\n<\/div>\n<div class=\"mc-column content-text active-extra-styles \" data-block-type=\"unstyled\" data-block-weight=\"56\" data-block-id=\"7\">\n<p class=\"content-text__container \" data-track-category=\"Link no Texto\" data-track-links=\"\">O crime de estupro \u00e9 considerado hediondo e a pena inicial \u00e9 em regime fechado. &#8220;Sendo julgado e condenado ao crime de estupro a pena m\u00ednima \u00e9 de seis anos, a m\u00e1xima 10. O juiz analisar\u00e1 as circunst\u00e2ncias judiciais, o comportamento [do r\u00e9u], os antecedentes e dar\u00e1 uma pena b\u00e1sica&#8221;, explicou a advogada Ana Carolina Ventura.<\/p>\n<\/div>\n<div class=\"mc-column content-text active-extra-styles\" data-block-type=\"raw\" data-block-weight=\"1\" data-block-id=\"8\">\n<div class=\"content-intertitle\">\n<h2><strong>Den\u00fancia<\/strong><\/h2>\n<\/div>\n<\/div>\n<div class=\"mc-column content-media content-media--normal  content-photo\" data-block-type=\"backstage-photo\" data-block-id=\"9\">\n<div class=\"content-media__container\">\n<div class=\"content-media__image-centered\">\n<div class=\"progressive-img can-open-lightbox\" data-min-size=\"1008x631\" data-min-size-url=\"https:\/\/s2.glbimg.com\/JffQrXRdkHEcC4ljPfzzGXAp61c=\/0x0:1700x1065\/1008x0\/smart\/filters:strip_icc()\/i.s3.glbimg.com\/v1\/AUTH_59edd422c0c84a879bd37670ae4f538a\/internal_photos\/bs\/2018\/J\/h\/NHsNYNSG6XS2iYLqxmiQ\/roupasangue.jpg\" data-max-size=\"1600x1002\" data-max-size-url=\"https:\/\/s2.glbimg.com\/2JJFTuW1pWp3f4VaJEXPIR4RzkI=\/0x0:1700x1065\/1600x0\/smart\/filters:strip_icc()\/i.s3.glbimg.com\/v1\/AUTH_59edd422c0c84a879bd37670ae4f538a\/internal_photos\/bs\/2018\/J\/h\/NHsNYNSG6XS2iYLqxmiQ\/roupasangue.jpg\" data-media-index=\"0\"><img class=\"progressive-draft\" title=\"Roupas ficaram sujas de sangue ap\u00f3s crime em boate, segundo advogado (Foto: Reprodu\u00e7\u00e3o\/ TV S\u00e3o Francisco)\" src=\"data:image\/jpeg;base64,\/9j\/4AAQSkZJRgABAQAAAQABAAD\/2wBDAAMCAgMCAgMDAwMEAwMEBQgFBQQEBQoHBwYIDAoMDAsKCwsNDhIQDQ4RDgsLEBYQERMUFRUVDA8XGBYUGBIUFRT\/2wBDAQMEBAUEBQkFBQkUDQsNFBQUFBQUFBQUFBQUFBQUFBQUFBQUFBQUFBQUFBQUFBQUFBQUFBQUFBQUFBQUFBQUFBT\/wgARCAAQABkDASIAAhEBAxEB\/8QAGAAAAgMAAAAAAAAAAAAAAAAABAYBBQf\/xAAWAQEBAQAAAAAAAAAAAAAAAAADAQL\/2gAMAwEAAhADEAAAAa1uHbhTNT22Jv8A\/8QAHRAAAQQCAwAAAAAAAAAAAAAAAwABAgQFEhMUFf\/aAAgBAQABBQIJq4VGmyNkxwP2GVDBiBPj1adEc389l\/\/EABkRAAIDAQAAAAAAAAAAAAAAAAACARFCUf\/aAAgBAwEBPwFoXJacP\/\/EABgRAAMBAQAAAAAAAAAAAAAAAAACEUFR\/9oACAECAQE\/AVukbp\/\/xAAeEAACAgICAwAAAAAAAAAAAAABAgAREiEQQRMiM\/\/aAAgBAQAGPwLEq1LS6GoDXrCqoSoNT5QHbHK64vxjI9zqf\/\/EAB8QAAICAgEFAAAAAAAAAAAAAAABESFBYTFxkaHR8P\/aAAgBAQABPyHn6sG0M2kynYpAp21F6PpIg76BTcdpKiUcZH9soNHh6P\/aAAwDAQACAAMAAAAQvu\/\/xAAXEQEBAQEAAAAAAAAAAAAAAAABABEh\/9oACAEDAQE\/EOQ0zgE\/\/8QAFxEBAQEBAAAAAAAAAAAAAAAAAQARQf\/aAAgBAgEBPxDpTZZ\/\/8QAHRABAAICAgMAAAAAAAAAAAAAAREhADEQQWGBkf\/aAAgBAQABPxBYggWLoiaagDDhAix2BBPeseww7aiUvRnj\/MMzECiYtZ2lAkZFROidjGJTVCUGu64m\/9k=\" alt=\"Roupas ficaram sujas de sangue ap\u00f3s crime em boate, segundo advogado (Foto: Reprodu\u00e7\u00e3o\/ TV S\u00e3o Francisco)\" \/><picture><img class=\"image content-media__image progressive-loaded\" title=\"Roupas ficaram sujas de sangue ap\u00f3s crime em boate, segundo advogado (Foto: Reprodu\u00e7\u00e3o\/ TV S\u00e3o Francisco)\" src=\"https:\/\/s2.glbimg.com\/8lhVG38IM-Pd46wBKWNUCq3dHXk=\/0x0:1700x1065\/984x0\/smart\/filters:strip_icc()\/i.s3.glbimg.com\/v1\/AUTH_59edd422c0c84a879bd37670ae4f538a\/internal_photos\/bs\/2018\/J\/h\/NHsNYNSG6XS2iYLqxmiQ\/roupasangue.jpg\" alt=\"Roupas ficaram sujas de sangue ap\u00f3s crime em boate, segundo advogado (Foto: Reprodu\u00e7\u00e3o\/ TV S\u00e3o Francisco)\" data-src=\"https:\/\/s2.glbimg.com\/8lhVG38IM-Pd46wBKWNUCq3dHXk=\/0x0:1700x1065\/984x0\/smart\/filters:strip_icc()\/i.s3.glbimg.com\/v1\/AUTH_59edd422c0c84a879bd37670ae4f538a\/internal_photos\/bs\/2018\/J\/h\/NHsNYNSG6XS2iYLqxmiQ\/roupasangue.jpg\" \/><\/picture><\/div>\n<\/div>\n<div class=\"content-media__description-centered \">\n<p class=\"content-media__description\"><span class=\"content-media__description__caption\">Roupas ficaram sujas de sangue ap\u00f3s crime em boate, segundo advogado (Foto: Reprodu\u00e7\u00e3o\/ TV S\u00e3o Francisco)<\/span><\/p>\n<\/div>\n<\/div>\n<\/div>\n<div class=\"content-ads content-ads--reveal\" data-block-type=\"ads\" data-block-id=\"10\">\n<div id=\"banner_materia2\" class=\"tag-manager-publicidade-container has-reveal has-ad-lazyload tag-manager-publicidade-banner_materia2 tag-manager-publicidade-container--carregado tag-manager-publicidade-container--visivel\" data-id=\"banner_materia2\" data-google-query-id=\"CP_j7-fKyNgCFctPhgod9fgEDA\" data-cid=\"138220555492\" data-lid=\"4524378628\">\n<div id=\"google_ads_iframe_\/95377733\/tvg_G1\/Sua_Regiao&gt;Nordeste&gt;Bahia_2__container__\" style=\"box-sizing: inherit; margin: auto; padding: 0px; border: 0pt none; font-style: inherit; font-variant: inherit; font-weight: inherit; font-stretch: inherit; font-size: inherit; line-height: inherit; font-family: inherit; vertical-align: baseline; width: 970px; max-width: 100%; text-align: center; height: 250px;\"><iframe loading=\"lazy\" id=\"google_ads_iframe_\/95377733\/tvg_G1\/Sua_Regiao&gt;Nordeste&gt;Bahia_2\" style=\"box-sizing: inherit; margin: 0px; padding: 0px; border: 0px; font-style: inherit; font-variant: inherit; font-weight: inherit; font-stretch: inherit; font-size: inherit; line-height: inherit; font-family: inherit; vertical-align: bottom;\" title=\"3rd party ad content\" src=\"https:\/\/tpc.googlesyndication.com\/safeframe\/1-0-14\/html\/container.html\" name=\"\" width=\"970\" height=\"250\" frameborder=\"0\" marginwidth=\"0\" marginheight=\"0\" scrolling=\"no\" data-is-safeframe=\"true\"><\/iframe><\/div>\n<\/div>\n<\/div>\n<div class=\"mc-column content-text active-extra-styles \" data-block-type=\"unstyled\" data-block-weight=\"47\" data-block-id=\"11\">\n<p class=\"content-text__container \" data-track-category=\"Link no Texto\" data-track-links=\"\">&#8220;Eu s\u00f3 queria que isso tudo fosse um pesadelo, que tudo isso acabasse&#8221;. Este foi o\u00a0<a href=\"https:\/\/g1.globo.com\/ba\/bahia\/noticia\/queria-que-isso-tudo-fosse-um-pesadelo-diz-jovem-que-acusa-homem-de-estupro-em-boate-na-bahia.ghtml\">relato da jovem de 18 anos<\/a>, moradora de Senhor do Bonfim, no norte da Bahia, que denunciou ter sido v\u00edtima de estupro em uma boate de Jacobina, no \u00faltimo domingo (31).<\/p>\n<\/div>\n<div class=\"mc-column content-text active-extra-styles \" data-block-type=\"unstyled\" data-block-weight=\"42\" data-block-id=\"12\">\n<p class=\"content-text__container \" data-track-category=\"Link no Texto\" data-track-links=\"\">Marcus Machado foi preso suspeito do crime.\u00a0<a href=\"https:\/\/g1.globo.com\/ba\/bahia\/noticia\/homem-e-preso-suspeito-de-estuprar-jovem-de-18-anos-em-boate-na-bahia-ele-diz-que-relacao-foi-consensual.ghtml\">Ele negou \u00e0 pol\u00edcia que tenha estuprado a jovem e afirma que a rela\u00e7\u00e3o sexual foi consensual<\/a>. Uma audi\u00eancia de cust\u00f3dia prevista para a ter\u00e7a-feira (2) n\u00e3o aconteceu porque o Judici\u00e1rio ainda est\u00e1 em recesso.<\/p>\n<\/div>\n<div class=\"mc-column content-text active-extra-styles \" data-block-type=\"unstyled\" data-block-weight=\"63\" data-block-id=\"13\">\n<p class=\"content-text__container \" data-track-category=\"Link no Texto\" data-track-links=\"\">A v\u00edtima, que preferiu n\u00e3o se identificar, disse que tinha ido ao banheiro da boate e, quando voltou, n\u00e3o encontrou os amigos. &#8220;Eu vi que meus amigos tinham falado com o Marcus. Ent\u00e3o, ele era um conhecido e poderia me ajudar a encontr\u00e1-los. E a\u00ed eu fui com ele porque, para mim, Marcus n\u00e3o parecia algu\u00e9m que fosse me machucar&#8221;, contou a jovem.<\/p>\n<\/div>\n<div class=\"mc-column content-text active-extra-styles \" data-block-type=\"unstyled\" data-block-weight=\"38\" data-block-id=\"14\">\n<p class=\"content-text__container \" data-track-category=\"Link no Texto\" data-track-links=\"\">&#8220;E quando chegou num beco escuro, que eu acreditava que fosse uma sa\u00edda, ele me empurrou na parede, ele segurou os meus bra\u00e7os e eu s\u00f3 conseguia ficar em choque. Eu s\u00f3 queria que aquilo tudo acabasse&#8221;, destacou.<\/p>\n<\/div>\n<div class=\"mc-column content-text active-extra-styles \" data-block-type=\"unstyled\" data-block-weight=\"33\" data-block-id=\"15\">\n<p class=\"content-text__container \" data-track-category=\"Link no Texto\" data-track-links=\"\">Na cl\u00ednica particular onde foi atendida e examinada, em Senhor do Bonfim, a m\u00e9dica atestou que a jovem chegou \u00e0 unidade com &#8220;rompimento himenal muito forte, com hematomas e fissuras rasas e profundas&#8221;.<\/p>\n<\/div>\n<div class=\"mc-column content-text active-extra-styles \" data-block-type=\"unstyled\" data-block-weight=\"37\" data-block-id=\"16\">\n<p class=\"content-text__container \" data-track-category=\"Link no Texto\" data-track-links=\"\">A defesa do suspeito informou que s\u00f3 vai se pronunciar ap\u00f3s a conclus\u00e3o do inqu\u00e9rito. A dire\u00e7\u00e3o da boate onde o crime ocorreu publicou nota em redes sociais informando que vai colaborar com as investiga\u00e7\u00f5es da pol\u00edcia.<\/p>\n<\/div>\n<div class=\"mc-column content-text active-extra-styles \" data-block-type=\"unstyled\" data-block-weight=\"28\" data-block-id=\"17\">\n<p class=\"content-text__container \" data-track-category=\"Link no Texto\" data-track-links=\"\">Em nota, o MP-BA informou que as apura\u00e7\u00f5es realizadas pela Pol\u00edcia Civil e complementadas pelo Minist\u00e9rio P\u00fablico Estadual identificaram provas e ind\u00edcios suficientes de autoria e materialidade delitivas.<\/p>\n<\/div>\n<div class=\"mc-column content-text active-extra-styles\" data-block-type=\"raw\" data-block-weight=\"2\" data-block-id=\"18\">\n<div class=\"content-intertitle\">\n<h2><strong>Outro processo<\/strong><\/h2>\n<\/div>\n<\/div>\n<div class=\"mc-column content-media content-media--normal  content-photo\" data-block-type=\"backstage-photo\" data-block-id=\"19\">\n<div class=\"content-media__container\">\n<div class=\"content-media__image-centered\">\n<div class=\"progressive-img can-open-lightbox\" data-min-size=\"1008x631\" data-min-size-url=\"https:\/\/s2.glbimg.com\/5fB3bWMsOfzVFfyt7kTGMTsuSmQ=\/0x0:1700x1065\/1008x0\/smart\/filters:strip_icc()\/i.s3.glbimg.com\/v1\/AUTH_59edd422c0c84a879bd37670ae4f538a\/internal_photos\/bs\/2018\/W\/r\/22tVe6TjutGqAF1F9EsA\/marcus1.jpg\" data-max-size=\"1600x1002\" data-max-size-url=\"https:\/\/s2.glbimg.com\/X2I8oOiCiRRohBUZ27Poj9YAVvU=\/0x0:1700x1065\/1600x0\/smart\/filters:strip_icc()\/i.s3.glbimg.com\/v1\/AUTH_59edd422c0c84a879bd37670ae4f538a\/internal_photos\/bs\/2018\/W\/r\/22tVe6TjutGqAF1F9EsA\/marcus1.jpg\" data-media-index=\"1\"><img class=\"progressive-draft\" title=\"Marcus Rodrigues Machado, de 34 anos, tamb\u00e9m responde por estupro de vulner\u00e1vel (Foto: Reprodu\u00e7\u00e3o \/ TV S\u00e3o Francisco)\" src=\"data:image\/jpeg;base64,\/9j\/4AAQSkZJRgABAQAAAQABAAD\/2wBDAAMCAgMCAgMDAwMEAwMEBQgFBQQEBQoHBwYIDAoMDAsKCwsNDhIQDQ4RDgsLEBYQERMUFRUVDA8XGBYUGBIUFRT\/2wBDAQMEBAUEBQkFBQkUDQsNFBQUFBQUFBQUFBQUFBQUFBQUFBQUFBQUFBQUFBQUFBQUFBQUFBQUFBQUFBQUFBQUFBT\/wgARCAAQABkDASIAAhEBAxEB\/8QAFwAAAwEAAAAAAAAAAAAAAAAAAwQGBf\/EABYBAQEBAAAAAAAAAAAAAAAAAAMEBf\/aAAwDAQACEAMQAAABjSvLDsY84Zkq\/wD\/xAAaEAACAwEBAAAAAAAAAAAAAAADBAACBQEU\/9oACAEBAAEFAhIrtxMCbWpvACrpTNMMTW01lXftUfCeIs\/\/xAAbEQABBAMAAAAAAAAAAAAAAAABAAIDEQUSFP\/aAAgBAwEBPwHIh3QdVCajba\/\/xAAYEQACAwAAAAAAAAAAAAAAAAAAAgMxMv\/aAAgBAgEBPwGLI1n\/xAAoEAACAQMCAgsAAAAAAAAAAAABAgMAERIEIRQxBRATIkJRYWKBkZL\/2gAIAQEABj8CeOZmTunBlvz+KXo4aJ8mkC8QrZbHkaaKCxjRVFwQb\/XUGl1HDx+I+dLPpj2jqcWvkuXuv6URCSy7bmuS\/oV\/\/8QAIBABAAEDAwUAAAAAAAAAAAAAAREAIUEQMaFRYYHB8P\/aAAgBAQABPyFFCmTZ35FQ15rKQqE288yUs5VEILspN9MGCFhHQp4cwWFHDvaDT0XgyvFfZ+6\/\/9oADAMBAAIAAwAAABAxr\/\/EABoRAAICAwAAAAAAAAAAAAAAAAERACExQVH\/2gAIAQMBAT8QHQKQw+SxUVuf\/8QAFhEBAQEAAAAAAAAAAAAAAAAAAREA\/9oACAECAQE\/EETcK5v\/xAAaEAEBAQEBAQEAAAAAAAAAAAABESExABBB\/9oACAEBAAE\/EFdEN09EahSObe+wkCibPBeoAYtoBwbU4oyBQrtuPzNE6RUrRj+8ee4DzSQwEKBRuTfNfmNhI8BDDn5vxp\/\/2Q==\" alt=\"Marcus Rodrigues Machado, de 34 anos, tamb\u00e9m responde por estupro de vulner\u00e1vel (Foto: Reprodu\u00e7\u00e3o \/ TV S\u00e3o Francisco)\" \/><picture><img class=\"image content-media__image progressive-loaded\" title=\"Marcus Rodrigues Machado, de 34 anos, tamb\u00e9m responde por estupro de vulner\u00e1vel (Foto: Reprodu\u00e7\u00e3o \/ TV S\u00e3o Francisco)\" src=\"https:\/\/s2.glbimg.com\/kmkf968JPEIaYwkTmlL6Py6UKuA=\/0x0:1700x1065\/984x0\/smart\/filters:strip_icc()\/i.s3.glbimg.com\/v1\/AUTH_59edd422c0c84a879bd37670ae4f538a\/internal_photos\/bs\/2018\/W\/r\/22tVe6TjutGqAF1F9EsA\/marcus1.jpg\" alt=\"Marcus Rodrigues Machado, de 34 anos, tamb\u00e9m responde por estupro de vulner\u00e1vel (Foto: Reprodu\u00e7\u00e3o \/ TV S\u00e3o Francisco)\" data-src=\"https:\/\/s2.glbimg.com\/kmkf968JPEIaYwkTmlL6Py6UKuA=\/0x0:1700x1065\/984x0\/smart\/filters:strip_icc()\/i.s3.glbimg.com\/v1\/AUTH_59edd422c0c84a879bd37670ae4f538a\/internal_photos\/bs\/2018\/W\/r\/22tVe6TjutGqAF1F9EsA\/marcus1.jpg\" \/><\/picture><\/div>\n<\/div>\n<div class=\"content-media__description-centered \">\n<p class=\"content-media__description\"><span class=\"content-media__description__caption\">Marcus Rodrigues Machado, de 34 anos, tamb\u00e9m responde por estupro de vulner\u00e1vel (Foto: Reprodu\u00e7\u00e3o \/ TV S\u00e3o Francisco)<\/span><\/p>\n<\/div>\n<\/div>\n<\/div>\n<div class=\"content-ads content-ads--reveal\" data-block-type=\"ads\" data-block-id=\"20\">\n<div id=\"banner_materia__453afeb5e21048cab0f35efa99fa5f89\" class=\"tag-manager-publicidade-container has-reveal has-ad-lazyload tag-manager-publicidade-banner_materia__453afeb5e21048cab0f35efa99fa5f89 tag-manager-publicidade-container--carregado tag-manager-publicidade-container--visivel\" data-id=\"banner_materia__453afeb5e21048cab0f35efa99fa5f89\" data-google-query-id=\"CLWb6-jKyNgCFcUYhgod3bQE-g\" data-cid=\"138220555492\" data-lid=\"4524378628\">\n<div id=\"google_ads_iframe_\/95377733\/tvg_G1\/Sua_Regiao&gt;Nordeste&gt;Bahia_3__container__\" style=\"box-sizing: inherit; margin: auto; padding: 0px; border: 0pt none; font-style: inherit; font-variant: inherit; font-weight: inherit; font-stretch: inherit; font-size: inherit; line-height: inherit; font-family: inherit; vertical-align: baseline; width: 970px; max-width: 100%; text-align: center; height: 250px;\"><iframe loading=\"lazy\" id=\"google_ads_iframe_\/95377733\/tvg_G1\/Sua_Regiao&gt;Nordeste&gt;Bahia_3\" style=\"box-sizing: inherit; margin: 0px; padding: 0px; border: 0px; font-style: inherit; font-variant: inherit; font-weight: inherit; font-stretch: inherit; font-size: inherit; line-height: inherit; font-family: inherit; vertical-align: bottom;\" title=\"3rd party ad content\" src=\"https:\/\/tpc.googlesyndication.com\/safeframe\/1-0-14\/html\/container.html\" name=\"\" width=\"970\" height=\"250\" frameborder=\"0\" marginwidth=\"0\" marginheight=\"0\" scrolling=\"no\" data-is-safeframe=\"true\"><\/iframe><\/div>\n<\/div>\n<\/div>\n<div class=\"mc-column content-text active-extra-styles \" data-block-type=\"unstyled\" data-block-weight=\"42\" data-block-id=\"21\">\n<p class=\"content-text__container \" data-track-category=\"Link no Texto\" data-track-links=\"\">O Minist\u00e9rio P\u00fablico da Bahia (MP-BA) informou ao\u00a0<strong>G1<\/strong>\u00a0que o suspeito de estuprar a jovem dentro de uma boate em Jacobina, j\u00e1\u00a0<a href=\"https:\/\/g1.globo.com\/ba\/bahia\/noticia\/suspeito-de-estuprar-jovem-em-boate-ja-responde-por-crime-sexual-contra-crianca-de-oito-anos-na-bahia.ghtml\">responde a um outro processo pela suspeita de ter cometido o mesmo crime contra uma crian\u00e7a de oito anos<\/a>.<\/p>\n<\/div>\n<div class=\"mc-column content-text active-extra-styles \" data-block-type=\"unstyled\" data-block-weight=\"47\" data-block-id=\"22\">\n<p class=\"content-text__container \" data-track-category=\"Link no Texto\" data-track-links=\"\">Na quarta-feira (3), o delegado Eduardo Brito, titular da 16\u00aa Coordenadoria de Pol\u00edcia Civil do Interior (Coorpin\/Jacobina), j\u00e1 tinha antecipado \u00e0 reportagem que Marcus Rodrigues Machado, de 34 anos, respondia a processo de estupro de vulner\u00e1vel. Entretanto, a idade da suposta v\u00edtima ainda n\u00e3o tinha sido informada.<\/p>\n<\/div>\n<div class=\"mc-column content-text active-extra-styles \" data-block-type=\"unstyled\" data-block-weight=\"33\" data-block-id=\"23\">\n<p class=\"content-text__container \" data-track-category=\"Link no Texto\" data-track-links=\"\">Segundo o MP-BA, o crime contra a crian\u00e7a teria ocorrido no munic\u00edpio de Capim Grosso, a cerca de 60 quil\u00f4metros de Jacobina, no ano de 2014. O processo corre em segredo de Justi\u00e7a.<\/p>\n<\/div>\n<div data-track-category=\"fim do conteudo\" data-track-action=\"ultimo chunk conteudo\" data-track-noninteraction=\"false\" data-track-scroll=\"entrada completa viewport\">\n<div class=\"mc-column content-text active-extra-styles \" data-block-type=\"unstyled\" data-block-weight=\"41\" data-block-id=\"24\">\n<p class=\"content-text__container \" data-track-category=\"Link no Texto\" data-track-links=\"\">Com rela\u00e7\u00e3o ao caso da boate, Marcus negou \u00e0 pol\u00edcia que tenha estuprado a jovem e afirma que a rela\u00e7\u00e3o sexual foi consensual. Uma audi\u00eancia de cust\u00f3dia prevista para a ter\u00e7a-feira (2) n\u00e3o aconteceu porque o Judici\u00e1rio ainda est\u00e1 em recesso.<\/p>\n<\/div>\n<\/div>\n<\/article>\n<\/div>\n","protected":false},"excerpt":{"rendered":"<p>Fam\u00edlia de jovem que denunciou estupro em Jacobina recebe amea\u00e7a pelas redes sociais A fam\u00edlia da jovem de 18 anos que denunciou um\u00a0homem de 34 anos por estupro, em Jacobina, no norte da Bahia, relatou que recebeu diversas amea\u00e7as pelas redes sociais. O suspeito, Marcus Machado, est\u00e1 preso na delegacia de Jacobina e tamb\u00e9m\u00a0j\u00e1 responde [&hellip;]<\/p>\n","protected":false},"author":2,"featured_media":0,"comment_status":"open","ping_status":"open","sticky":false,"template":"","format":"standard","meta":{"_links_to":"","_links_to_target":""},"categories":[7,9,8,1,5],"tags":[],"_links":{"self":[{"href":"https:\/\/www.ilheusnoticias.net.br\/v1\/wp-json\/wp\/v2\/posts\/11689"}],"collection":[{"href":"https:\/\/www.ilheusnoticias.net.br\/v1\/wp-json\/wp\/v2\/posts"}],"about":[{"href":"https:\/\/www.ilheusnoticias.net.br\/v1\/wp-json\/wp\/v2\/types\/post"}],"author":[{"embeddable":true,"href":"https:\/\/www.ilheusnoticias.net.br\/v1\/wp-json\/wp\/v2\/users\/2"}],"replies":[{"embeddable":true,"href":"https:\/\/www.ilheusnoticias.net.br\/v1\/wp-json\/wp\/v2\/comments?post=11689"}],"version-history":[{"count":1,"href":"https:\/\/www.ilheusnoticias.net.br\/v1\/wp-json\/wp\/v2\/posts\/11689\/revisions"}],"predecessor-version":[{"id":11690,"href":"https:\/\/www.ilheusnoticias.net.br\/v1\/wp-json\/wp\/v2\/posts\/11689\/revisions\/11690"}],"wp:attachment":[{"href":"https:\/\/www.ilheusnoticias.net.br\/v1\/wp-json\/wp\/v2\/media?parent=11689"}],"wp:term":[{"taxonomy":"category","embeddable":true,"href":"https:\/\/www.ilheusnoticias.net.br\/v1\/wp-json\/wp\/v2\/categories?post=11689"},{"taxonomy":"post_tag","embeddable":true,"href":"https:\/\/www.ilheusnoticias.net.br\/v1\/wp-json\/wp\/v2\/tags?post=11689"}],"curies":[{"name":"wp","href":"https:\/\/api.w.org\/{rel}","templated":true}]}}