{"id":11662,"date":"2018-01-07T20:29:23","date_gmt":"2018-01-07T23:29:23","guid":{"rendered":"http:\/\/www.ilheusnoticias.net.br\/v1\/?p=11662"},"modified":"2018-01-07T20:29:23","modified_gmt":"2018-01-07T23:29:23","slug":"ex-vereador-de-porto-seguro-no-sul-da-bahia-e-morto-a-tiros-na-porta-de-casa","status":"publish","type":"post","link":"https:\/\/www.ilheusnoticias.net.br\/v1\/2018\/01\/07\/ex-vereador-de-porto-seguro-no-sul-da-bahia-e-morto-a-tiros-na-porta-de-casa\/","title":{"rendered":"Ex-vereador de Porto Seguro, no sul da Bahia, \u00e9 morto a tiros na porta de casa"},"content":{"rendered":"<div class=\"row content-head\"><\/div>\n<div class=\"mc-column\"><\/div>\n<div class=\"mc-article-body\">\n<article>\n<div class=\"mc-column content-media content-media--normal  content-photo\" data-block-type=\"backstage-photo\" data-block-id=\"0\">\n<div class=\"content-media__container\">\n<div class=\"content-media__image-centered\">\n<div class=\"progressive-img can-open-lightbox\" data-min-size=\"1008x631\" data-min-size-url=\"https:\/\/s2.glbimg.com\/KrygwfNLCSe19BgJmnDT3GhLY74=\/0x0:1700x1065\/1008x0\/smart\/filters:strip_icc()\/i.s3.glbimg.com\/v1\/AUTH_59edd422c0c84a879bd37670ae4f538a\/internal_photos\/bs\/2018\/P\/a\/QjVwpmSrezflHdEW3YZw\/aldair-ex-vereador-1-.jpg\" data-max-size=\"1600x1002\" data-max-size-url=\"https:\/\/s2.glbimg.com\/39dk7X5gjGsK8N65Jwm21pwE77U=\/0x0:1700x1065\/1600x0\/smart\/filters:strip_icc()\/i.s3.glbimg.com\/v1\/AUTH_59edd422c0c84a879bd37670ae4f538a\/internal_photos\/bs\/2018\/P\/a\/QjVwpmSrezflHdEW3YZw\/aldair-ex-vereador-1-.jpg\" data-media-index=\"0\"><img class=\"progressive-draft\" title=\"Ex-vereador de Porto Seguro \u00e9 morto a tiros na porta de casa (Foto: Reprodu\u00e7\u00e3o\/DivulgaCand TSE)\" src=\"data:image\/jpeg;base64,\/9j\/4AAQSkZJRgABAQAAAQABAAD\/2wBDAAMCAgMCAgMDAwMEAwMEBQgFBQQEBQoHBwYIDAoMDAsKCwsNDhIQDQ4RDgsLEBYQERMUFRUVDA8XGBYUGBIUFRT\/2wBDAQMEBAUEBQkFBQkUDQsNFBQUFBQUFBQUFBQUFBQUFBQUFBQUFBQUFBQUFBQUFBQUFBQUFBQUFBQUFBQUFBQUFBT\/wgARCAAQABkDASIAAhEBAxEB\/8QAFwAAAwEAAAAAAAAAAAAAAAAABgcIBf\/EABQBAQAAAAAAAAAAAAAAAAAAAAD\/2gAMAwEAAhADEAAAAaURDaRxSWiME5\/\/xAAcEAABBAMBAAAAAAAAAAAAAAAEAAEDBQIGNBL\/2gAIAQEAAQUCsuaYd5Ta\/lW2EZjVEh2XnWi3Opl\/\/8QAFBEBAAAAAAAAAAAAAAAAAAAAEP\/aAAgBAwEBPwE\/\/8QAFBEBAAAAAAAAAAAAAAAAAAAAEP\/aAAgBAgEBPwE\/\/8QAIhAAAQQBAgcAAAAAAAAAAAAAAgABAxESEIEEFCEiMTJx\/9oACAEBAAY\/At2UvFlJLzAzVHR9rDfikO+hHGWBZi1qLB6Nnt2frbqCYvZ7uvun\/8QAHhABAAEEAgMAAAAAAAAAAAAAAREAECExQVFxobH\/2gAIAQEAAT8h21CT6Dih4o33NCDO\/ps1HAG8tMwaiYHOaH0IfAoyfVv\/2gAMAwEAAgADAAAAEJFP\/8QAFBEBAAAAAAAAAAAAAAAAAAAAEP\/aAAgBAwEBPxA\/\/8QAFBEBAAAAAAAAAAAAAAAAAAAAEP\/aAAgBAgEBPxA\/\/8QAHRABAQACAgMBAAAAAAAAAAAAAREAIRAxQWFx0f\/aAAgBAQABPxD5f0xJVlaFtk16I0vOCcgQOJdRJOCLL0+8cXJQ2iWGitS7e8rMsCIsHi7T3x\/\/2Q==\" alt=\"Ex-vereador de Porto Seguro \u00e9 morto a tiros na porta de casa (Foto: Reprodu\u00e7\u00e3o\/DivulgaCand TSE)\" \/><picture><img class=\"image content-media__image progressive-loaded\" title=\"Ex-vereador de Porto Seguro \u00e9 morto a tiros na porta de casa (Foto: Reprodu\u00e7\u00e3o\/DivulgaCand TSE)\" src=\"https:\/\/s2.glbimg.com\/9RHamg0soTvORi_AHkgaYSe0ugY=\/0x0:1700x1065\/984x0\/smart\/filters:strip_icc()\/i.s3.glbimg.com\/v1\/AUTH_59edd422c0c84a879bd37670ae4f538a\/internal_photos\/bs\/2018\/P\/a\/QjVwpmSrezflHdEW3YZw\/aldair-ex-vereador-1-.jpg\" alt=\"Ex-vereador de Porto Seguro \u00e9 morto a tiros na porta de casa (Foto: Reprodu\u00e7\u00e3o\/DivulgaCand TSE)\" data-src=\"https:\/\/s2.glbimg.com\/9RHamg0soTvORi_AHkgaYSe0ugY=\/0x0:1700x1065\/984x0\/smart\/filters:strip_icc()\/i.s3.glbimg.com\/v1\/AUTH_59edd422c0c84a879bd37670ae4f538a\/internal_photos\/bs\/2018\/P\/a\/QjVwpmSrezflHdEW3YZw\/aldair-ex-vereador-1-.jpg\" \/><\/picture><\/div>\n<\/div>\n<div class=\"content-media__description-centered \">\n<p class=\"content-media__description\"><span class=\"content-media__description__caption\">Ex-vereador de Porto Seguro \u00e9 morto a tiros na porta de casa (Foto: Reprodu\u00e7\u00e3o\/DivulgaCand TSE)<\/span><\/p>\n<\/div>\n<\/div>\n<\/div>\n<div class=\"mc-column mc-side-item__container\" data-block-type=\"ads\" data-block-id=\"1\">\n<div class=\"mc-side-item mc-side-item--right content-ads content-ads--side-ad\">\n<div id=\"banner_materia1\" class=\"tag-manager-publicidade-container tag-manager-publicidade-banner_materia1 tag-manager-publicidade-container--carregado tag-manager-publicidade-container--visivel\" data-google-query-id=\"CNG6yauAx9gCFQVPhgodBLsKXg\" data-cid=\"138221941834\" data-lid=\"4540277433\">\n<div id=\"google_ads_iframe_\/95377733\/tvg_G1\/Sua_Regiao&gt;Nordeste&gt;Bahia_1__container__\" style=\"box-sizing: inherit; margin: auto; padding: 0px; border: 0pt none; font-style: inherit; font-variant: inherit; font-weight: inherit; font-stretch: inherit; font-size: inherit; line-height: inherit; font-family: inherit; vertical-align: baseline; width: 300px; text-align: center;\"><\/div>\n<\/div>\n<\/div>\n<\/div>\n<div class=\"mc-column content-text active-extra-styles active-capital-letter\" data-block-type=\"unstyled\" data-block-weight=\"37\" data-block-id=\"2\">\n<p class=\"content-text__container theme-color-primary-first-letter\" data-track-category=\"Link no Texto\" data-track-links=\"\">Um ex-vereador de Porto Seguro, no sul da Bahia, Aldair Silva Andrade, foi morto a tiros na porta de casa, na manh\u00e3 deste domingo (7). O crime aconteceu na Rua da Jaqueira, bairro Tabapiri, em Porto Seguro.<\/p>\n<\/div>\n<div class=\"mc-column content-text active-extra-styles \" data-block-type=\"unstyled\" data-block-weight=\"55\" data-block-id=\"3\">\n<p class=\"content-text__container \" data-track-category=\"Link no Texto\" data-track-links=\"\">De acordo com a pol\u00edcia, informa\u00e7\u00f5es iniciais apontam que ele foi chamado e, ao sair da resid\u00eancia, foi atingido por cerca de tr\u00eas tiros no peito. Segundo populares, uma pessoa fugiu em um carro ap\u00f3s os disparos. Eles n\u00e3o souberam informar se tinha mais algu\u00e9m no ve\u00edculo, e nem identificar placa e cor do autom\u00f3vel.<\/p>\n<\/div>\n<\/article>\n<\/div>\n<p class=\"content-text__container \" data-track-category=\"Link no Texto\" data-track-links=\"\">\n<p class=\"content-text__container \" data-track-category=\"Link no Texto\" data-track-links=\"\"><!--more--><\/p>\n<div class=\"mc-article-body\">\n<article>\n<div class=\"mc-column content-text active-extra-styles \" data-block-type=\"unstyled\" data-block-weight=\"40\" data-block-id=\"4\">\n<p class=\"content-text__container \" data-track-category=\"Link no Texto\" data-track-links=\"\">Ainda n\u00e3o h\u00e1 suspeitas da motiva\u00e7\u00e3o e autoria do crime, que deve ser investigado pela Pol\u00edcia Civil. O corpo do ex-vereador foi encaminhado para o Departamento de Pol\u00edcia T\u00e9cnica de Porto Seguro. N\u00e3o h\u00e1 informa\u00e7\u00f5es sobre o sepultamento da v\u00edtima.<\/p>\n<\/div>\n<div class=\"mc-column content-text active-extra-styles \" data-block-type=\"unstyled\" data-block-weight=\"27\" data-block-id=\"5\">\n<p class=\"content-text__container \" data-track-category=\"Link no Texto\" data-track-links=\"\">Aldair Silva Andrade tinha 41 anos e foi candidato a vereador de Porto Seguro nas elei\u00e7\u00f5es de 2016 pelo Partido Social Crist\u00e3o (PSC), mas n\u00e3o foi eleito.<\/p>\n<\/div>\n<div class=\"mc-column content-text active-extra-styles \" data-block-type=\"unstyled\" data-block-weight=\"42\" data-block-id=\"6\">\n<p class=\"content-text__container \" data-track-category=\"Link no Texto\" data-track-links=\"\">&#8220;N\u00f3s n\u00e3o temos nenhum posicionamento ainda porque n\u00e3o sabemos o que de fato aconteceu. Ele veio como candidato na nossa legenda na \u00faltima elei\u00e7\u00e3o. Ele era uma pessoa querida&#8221;, lamentou ao\u00a0<strong>G1<\/strong>\u00a0o presidente do PSC em Porto Seguro, Eduardo Levino Soares.<\/p>\n<\/div>\n<div data-track-category=\"fim do conteudo\" data-track-action=\"ultimo chunk conteudo\" data-track-noninteraction=\"false\" data-track-scroll=\"entrada completa viewport\">\n<div class=\"mc-column content-text active-extra-styles \" data-block-type=\"unstyled\" data-block-weight=\"34\" data-block-id=\"7\">\n<p class=\"content-text__container \" data-track-category=\"Link no Texto\" data-track-links=\"\">De 2014 a 2016, como era suplente por um outro partido pol\u00edtico, ele assumiu uma vaga na c\u00e2mara de vereadores quando um dos edis se licenciou do cargo, segundo informou o presidente do PSC.<\/p>\n<\/div>\n<\/div>\n<\/article>\n<\/div>\n","protected":false},"excerpt":{"rendered":"<p>Ex-vereador de Porto Seguro \u00e9 morto a tiros na porta de casa (Foto: Reprodu\u00e7\u00e3o\/DivulgaCand TSE) Um ex-vereador de Porto Seguro, no sul da Bahia, Aldair Silva Andrade, foi morto a tiros na porta de casa, na manh\u00e3 deste domingo (7). O crime aconteceu na Rua da Jaqueira, bairro Tabapiri, em Porto Seguro. De acordo com [&hellip;]<\/p>\n","protected":false},"author":2,"featured_media":0,"comment_status":"open","ping_status":"open","sticky":false,"template":"","format":"standard","meta":{"_links_to":"","_links_to_target":""},"categories":[7,9,8,1,5],"tags":[],"_links":{"self":[{"href":"https:\/\/www.ilheusnoticias.net.br\/v1\/wp-json\/wp\/v2\/posts\/11662"}],"collection":[{"href":"https:\/\/www.ilheusnoticias.net.br\/v1\/wp-json\/wp\/v2\/posts"}],"about":[{"href":"https:\/\/www.ilheusnoticias.net.br\/v1\/wp-json\/wp\/v2\/types\/post"}],"author":[{"embeddable":true,"href":"https:\/\/www.ilheusnoticias.net.br\/v1\/wp-json\/wp\/v2\/users\/2"}],"replies":[{"embeddable":true,"href":"https:\/\/www.ilheusnoticias.net.br\/v1\/wp-json\/wp\/v2\/comments?post=11662"}],"version-history":[{"count":1,"href":"https:\/\/www.ilheusnoticias.net.br\/v1\/wp-json\/wp\/v2\/posts\/11662\/revisions"}],"predecessor-version":[{"id":11663,"href":"https:\/\/www.ilheusnoticias.net.br\/v1\/wp-json\/wp\/v2\/posts\/11662\/revisions\/11663"}],"wp:attachment":[{"href":"https:\/\/www.ilheusnoticias.net.br\/v1\/wp-json\/wp\/v2\/media?parent=11662"}],"wp:term":[{"taxonomy":"category","embeddable":true,"href":"https:\/\/www.ilheusnoticias.net.br\/v1\/wp-json\/wp\/v2\/categories?post=11662"},{"taxonomy":"post_tag","embeddable":true,"href":"https:\/\/www.ilheusnoticias.net.br\/v1\/wp-json\/wp\/v2\/tags?post=11662"}],"curies":[{"name":"wp","href":"https:\/\/api.w.org\/{rel}","templated":true}]}}