{"id":11647,"date":"2018-01-07T09:59:45","date_gmt":"2018-01-07T12:59:45","guid":{"rendered":"http:\/\/www.ilheusnoticias.net.br\/v1\/?p=11647"},"modified":"2018-01-07T11:52:57","modified_gmt":"2018-01-07T14:52:57","slug":"morre-ao0s-87-anos-de-idade-alenda-da-nasa-o-astronauta-pioneiro-que-foi-duas-vezes-a-lua","status":"publish","type":"post","link":"https:\/\/www.ilheusnoticias.net.br\/v1\/2018\/01\/07\/morre-ao0s-87-anos-de-idade-alenda-da-nasa-o-astronauta-pioneiro-que-foi-duas-vezes-a-lua\/","title":{"rendered":"Morre aos 87 anos de idade a &#8216;lenda&#8217; da Nasa, o astronauta pioneiro que foi duas vezes \u00e0 Lua"},"content":{"rendered":"<div id=\"pub-slb-topo\" class=\"super-leaderboard publicidade clearfix\" data-google-query-id=\"COiAjZfzxdgCFcobhgodq3cEMA\"><\/div>\n<div class=\"row\">\n<div class=\"large-16 columns\">\n<div class=\"corpo novo large-16 columns paywalled-content\">\n<div class=\"foto\">\n<figure><img loading=\"lazy\" class=\"\" src=\"https:\/\/ogimg.infoglobo.com.br\/in\/22262560-c92-f06\/FT1086A\/420\/x74120743_This-undated-photo-made-available-by-NASA-shows-astronaut-John-Young-NASA-says-the-astr.jpg.pagespeed.ic.2hrHACGi1y.jpg\" alt=\"\" width=\"442\" height=\"266\" \/><figcaption>John Young teve uma carreira de mais de quatro d\u00e9cadas na Nasa<b>\u00a0&#8211; AP<\/b><img loading=\"lazy\" src=\"https:\/\/ogimg.infoglobo.com.br\/9876543210\/img\/chave.svg\" alt=\"Chave\" width=\"16px\" height=\"16px\" \/><img loading=\"lazy\" src=\"https:\/\/ogimg.infoglobo.com.br\/9876543210\/img\/chave.svg\" alt=\"Chave\" width=\"16px\" height=\"16px\" \/><\/figcaption><\/figure>\n<\/div>\n<p>WASHINGTON &#8211; Morreu na noite de sexta-feira o astronauta americano John Young, o \u00fanico a ir ao espa\u00e7o a bordo de aeronaves de tr\u00eas programas: Gemini, Apollo e Space Shuttle. Ele caminhou \u2014 e dan\u00e7ou \u2014 na Lua por duas vezes, era considerado uma &#8220;lenda&#8221; e muito conhecido pelas tiradas bem-humoradas. Ele morreu devido a complica\u00e7\u00f5es de uma pneumonia aos 87 anos, 42 dos quais dedicados \u00e0 sua carreira na Nasa, a ag\u00eancia espacial dos Estados Unidos.<\/p>\n<p>A Nasa confirmou a morte de Young pelo Twitter neste s\u00e1bado:<\/p>\n<p>&#8220;Estamos tristes com a perda do astronauta John Young, que tinha 87 anos. Young voou duas vezes para a Lua, andou em sua superf\u00edcie e voou na primeira miss\u00e3o do Space Shuttle. Ele foi ao espa\u00e7o seis vezes nos programas Gemini, Apollo e Space Shuttle&#8221;.<\/p>\n<div class=\"foto\">\n<figure><img loading=\"lazy\" class=\"\" src=\"https:\/\/ogimg.infoglobo.com.br\/in\/22262563-56a-ef3\/FT1086A\/420\/x74120761_In-this-April-1972-photo-made-available-by-NASA-John-Young-salutes-the-US-flag-at-the-Desca.jpg.pagespeed.ic.R8pqLJfWdT.jpg\" alt=\"\" width=\"486\" height=\"292\" \/><figcaption>Nesta imagem de abril de 1972, disponibilizada pela Nasa, John Young caminha pela Lua durante a miss\u00e3o Apollo 16<b>\u00a0&#8211; Charles M. Duke Jr. \/ AP<\/b><\/figcaption><\/figure>\n<\/div>\n<p>A ag\u00eancia divulgou uma declara\u00e7\u00e3o de seu presidente, Robert Lightfoot, em mem\u00f3ria do astronauta, descrevendo-o como um &#8220;pioneiro&#8221;, algu\u00e9m que sempre esteve na &#8220;vanguarda da explora\u00e7\u00e3o espacial humana&#8221;.<\/p>\n<p>&#8220;Hoje, a Nasa e o mundo perderam um pioneiro. A longa carreira do astronauta John Young abrangeu tr\u00eas gera\u00e7\u00f5es de voo espacial&#8221;, destacou a nota oficial. &#8220;John foi um desses grupos de primeiros pioneiros espaciais, cuja bravura e compromisso provocaram as primeiras grandes conquistas do nosso pa\u00eds no espa\u00e7o. Mas, n\u00e3o contente com isso, suas contribui\u00e7\u00f5es pr\u00e1ticas continuaram muito depois do \u00faltimo de seus seis v\u00f4os espaciais &#8211; um recorde mundial no momento da sua aposentadoria do cockpit&#8221;, continuou o texto.<\/p>\n<\/div>\n<\/div>\n<\/div>\n<p><!--more--><\/p>\n<div class=\"row\">\n<div class=\"large-16 columns\">\n<div class=\"corpo novo large-16 columns paywalled-content\">\n<p>O comunicado finaliza definindo Young como &#8220;o astronauta dos astronautas:<\/p>\n<p>&#8220;John Young estava na vanguarda da explora\u00e7\u00e3o espacial humana com seu equil\u00edbrio, talento e tenacidade. Ele era de todos os modos o astronauta do astronauta. Vamos sentir falta dele&#8221;, escreveu o presidente da Nasa.<\/p>\n<div id=\"pub-retangulo-2\" class=\"arroba publicidade clearfix\" data-google-query-id=\"CP2vj5fzxdgCFRAOhgodR9cPTA\">\n<p>&nbsp;<\/p>\n<\/div>\n<div class=\"foto\">\n<figure><img loading=\"lazy\" src=\"https:\/\/ogimg.infoglobo.com.br\/in\/22262564-0a7-b12\/FT1086A\/420\/x74120155_FILE-PHOTO-Looking-aft-toward-the-cargo-bay-of-NASA27s-Space-Shuttle-Orbiter-102-vehicle.jpg.pagespeed.ic.PxmEzY3eDS.jpg\" alt=\"\" width=\"700\" height=\"420\" \/><figcaption>Young, em primeiro plano, e o astronauta Robert Crippen dentro do ve\u00edculo Orbiter 102, do programa Space Shuttle<b>\u00a0&#8211; NASA \/ REUTERS<\/b><\/figcaption><\/figure>\n<\/div>\n<p>O amigo e tamb\u00e9m astronauta Terry Virts postou uma homenagem no Twitter:<\/p>\n<p>&#8220;Descanse em paz, John Young. Voc\u00ea foi um dos meus her\u00f3is como astronauta e explorador, e sua paix\u00e3o pelo espa\u00e7o far\u00e1 falta&#8221;.<\/p>\n<p>Young foi o primeiro a ir ao espa\u00e7o seis vezes e foi chefe do corpo de astronautas da Nasa entre 1974 e 1987, supervisionando 25 voos de \u00f4nibus espaciais durante os anos formativos do programa. Ele se destacava por aparentar extrema calma durante as miss\u00f5es, mesmo nos momentos de maior tens\u00e3o ou expectativa.<\/p>\n<p>Um dos tripulantes da Young na miss\u00e3o Apollo 16, de desembarque da Lua, Charlie Duke comentou, em muitas entrevistas, sobre como ele e Young reagiram de maneiras diferentes ao lan\u00e7amento do foguete de Saturno 5:<\/p>\n<p>\u2014 Eu soube pelo cirurgi\u00e3o de voo, mais tarde, que meu batimento card\u00edaco estava a 144. O do John (Young) era 70 \u2014 lembrou ele.<\/p>\n<p>Em seu livro de mem\u00f3rias, &#8220;Forever Young: A Life of Adventure in Air and Space&#8221; (algo como &#8220;Para sempre Young\/Jovem: Uma vida de Aventuras no Ar e no Espa\u00e7o), o astronauta mostrou se divertir com a situa\u00e7\u00e3o:<\/p>\n<p>&#8220;Ou eu estava bem mais calmo do que pensei ou eu j\u00e1 estava velho demais para o cora\u00e7\u00e3o ir mais r\u00e1pido&#8221;, brincou Young, na autobiografia.<\/p>\n<div class=\"foto\">\n<figure><img loading=\"lazy\" src=\"https:\/\/ogimg.infoglobo.com.br\/in\/22262574-f13-dd3\/FT1086A\/420\/x74120083_FILE-PHOTO-STS-1-crew-members-Commander-John-Young-L-and-Pilot-Robert-Crippen-pose-with.jpg.pagespeed.ic.P7Yj4OiOBY.jpg\" alt=\"\" width=\"700\" height=\"420\" \/><figcaption>John Young, \u00e0 esquerda, e Robert Crippen posam com um modelo da aeronave Space Shuttle Columbia, no Centro Espacial Johnson, em Houston May,em 1979<b>\u00a0&#8211; NASA \/ REUTERS<\/b><\/figcaption><\/figure>\n<\/div>\n<p>Pouco antes de uma nova viagem ao espa\u00e7o a bordo do \u00f4nibus Columbia \u2014 na primeira vez em que algu\u00e9m se lan\u00e7ou em uma nave espacial n\u00e3o testada \u2014 uma pessoa perguntou a Young perguntou se ele tinha qualquer preocupa\u00e7\u00e3o sobre aquela miss\u00e3o.<\/p>\n<div id=\"pub-retangulo-3\" class=\"arroba publicidade clearfix\" data-google-query-id=\"CIyfzpfzxdgCFdBPhgoddywFBQ\">\n<p><a href=\"https:\/\/oglobo.globo.com\/anuncie\/\" target=\"_blank\">PUBLICIDADE<\/a><\/p>\n<div id=\"google_ads_iframe_\/95377733\/info.web.oglobo\/sociedade\/materia_7__container__\"><iframe loading=\"lazy\" id=\"google_ads_iframe_\/95377733\/info.web.oglobo\/sociedade\/materia_7\" title=\"3rd party ad content\" src=\"https:\/\/tpc.googlesyndication.com\/safeframe\/1-0-14\/html\/container.html\" name=\"\" width=\"300\" height=\"250\" frameborder=\"0\" marginwidth=\"0\" marginheight=\"0\" scrolling=\"no\" sandbox=\"allow-forms allow-pointer-lock allow-popups allow-popups-to-escape-sandbox allow-same-origin allow-scripts allow-top-navigation-by-user-activation\" data-is-safeframe=\"true\"><\/iframe><\/div>\n<\/div>\n<p>\u2014 Qualquer um que se senta sobre o maior sistema do mundo alimentado com hidrog\u00eanio-oxig\u00eanio, sabendo que v\u00e3o acend\u00ea-lo, e n\u00e3o se preocupar um pouco, n\u00e3o compreende completamente a situa\u00e7\u00e3o \u2014 disse ele, em uma de suas mais famosas frases.<\/p>\n<p>Autor do livro &#8220;A Man on the Moon: The Voyages of the Apollo Astronauts (&#8220;O Homem e a Lua: As Viagens dos Astronautas da Apollo&#8221;, em tradu\u00e7\u00e3o livre), Andrew Chaikin, n\u00e3o hesitou em manifestar sua admira\u00e7\u00e3o por Young.<\/p>\n<p>\u2014 Ele era uma lenda vida. Tinha a habilidade de manter as pessoas sob seus p\u00e9s \u2014 disse ele. \u2014 Young era um crente profundo de que a humanidade deveria estar uma esp\u00e9cie &#8220;multi-planeta&#8221;. Ele costumava falar que, se fic\u00e1ssemos neste planeta por muito tempo, algo iria nos &#8220;pegar&#8221;, seja um super vulc\u00e3o ou qualquer outra coisa assim. Ele realmente acreditava.<\/p>\n<\/div>\n<\/div>\n<\/div>\n<p>Leia mais:\u00a0<a href=\"https:\/\/oglobo.globo.com\/sociedade\/morre-lenda-da-nasa-astronauta-pioneiro-que-foi-duas-vezes-lua-22262557#ixzz53VFcfkxH\">https:\/\/oglobo.globo.com\/sociedade\/morre-lenda-da-nasa-astronauta-pioneiro-que-foi-duas-vezes-lua-22262557#ixzz53VFcfkxH<\/a><br \/>\nstest<\/p>\n","protected":false},"excerpt":{"rendered":"<p>John Young teve uma carreira de mais de quatro d\u00e9cadas na Nasa\u00a0&#8211; AP WASHINGTON &#8211; Morreu na noite de sexta-feira o astronauta americano John Young, o \u00fanico a ir ao espa\u00e7o a bordo de aeronaves de tr\u00eas programas: Gemini, Apollo e Space Shuttle. Ele caminhou \u2014 e dan\u00e7ou \u2014 na Lua por duas vezes, era [&hellip;]<\/p>\n","protected":false},"author":2,"featured_media":0,"comment_status":"open","ping_status":"open","sticky":false,"template":"","format":"standard","meta":{"_links_to":"","_links_to_target":""},"categories":[7,9,8,1],"tags":[],"_links":{"self":[{"href":"https:\/\/www.ilheusnoticias.net.br\/v1\/wp-json\/wp\/v2\/posts\/11647"}],"collection":[{"href":"https:\/\/www.ilheusnoticias.net.br\/v1\/wp-json\/wp\/v2\/posts"}],"about":[{"href":"https:\/\/www.ilheusnoticias.net.br\/v1\/wp-json\/wp\/v2\/types\/post"}],"author":[{"embeddable":true,"href":"https:\/\/www.ilheusnoticias.net.br\/v1\/wp-json\/wp\/v2\/users\/2"}],"replies":[{"embeddable":true,"href":"https:\/\/www.ilheusnoticias.net.br\/v1\/wp-json\/wp\/v2\/comments?post=11647"}],"version-history":[{"count":2,"href":"https:\/\/www.ilheusnoticias.net.br\/v1\/wp-json\/wp\/v2\/posts\/11647\/revisions"}],"predecessor-version":[{"id":11653,"href":"https:\/\/www.ilheusnoticias.net.br\/v1\/wp-json\/wp\/v2\/posts\/11647\/revisions\/11653"}],"wp:attachment":[{"href":"https:\/\/www.ilheusnoticias.net.br\/v1\/wp-json\/wp\/v2\/media?parent=11647"}],"wp:term":[{"taxonomy":"category","embeddable":true,"href":"https:\/\/www.ilheusnoticias.net.br\/v1\/wp-json\/wp\/v2\/categories?post=11647"},{"taxonomy":"post_tag","embeddable":true,"href":"https:\/\/www.ilheusnoticias.net.br\/v1\/wp-json\/wp\/v2\/tags?post=11647"}],"curies":[{"name":"wp","href":"https:\/\/api.w.org\/{rel}","templated":true}]}}