{"id":11645,"date":"2018-01-07T09:52:24","date_gmt":"2018-01-07T12:52:24","guid":{"rendered":"http:\/\/www.ilheusnoticias.net.br\/v1\/?p=11645"},"modified":"2018-01-07T09:52:24","modified_gmt":"2018-01-07T12:52:24","slug":"mais-de-220-mil-beneficios-do-bolsa-familia-sao-bloqueados-ou-cancelados-na-ba-por-conta-de-irregularidades","status":"publish","type":"post","link":"https:\/\/www.ilheusnoticias.net.br\/v1\/2018\/01\/07\/mais-de-220-mil-beneficios-do-bolsa-familia-sao-bloqueados-ou-cancelados-na-ba-por-conta-de-irregularidades\/","title":{"rendered":"Mais de 220 mil benef\u00edcios do Bolsa Fam\u00edlia s\u00e3o bloqueados ou cancelados na BA por conta de irregularidades"},"content":{"rendered":"<div class=\"row content-head\">\n<div class=\"column medium-centered medium-19 large-18\">\n<h1 class=\"content-head__title\"><\/h1>\n<\/div>\n<\/div>\n<div class=\"mc-article-body\">\n<article>\n<div class=\"mc-column content-media content-media--normal content-video\" data-block-type=\"backstage-video\" data-block-id=\"0\">\n<div class=\"content-media__container content-media__container--loaded\">\n<div class=\"content-video__placeholder\" data-video-id=\"6402838\"><img loading=\"lazy\" class=\"content-video__placeholder__thumb\" title=\"Mais de 220 mil benef\u00edcios do Bolsa Fam\u00edlia foram bloqueados ou cancelados na Bahia\" src=\"https:\/\/s03.video.glbimg.com\/x720\/6402838.jpg\" alt=\"Mais de 220 mil benef\u00edcios do Bolsa Fam\u00edlia foram bloqueados ou cancelados na Bahia\" width=\"402\" height=\"226\" \/><\/div>\n<\/div>\n<div class=\"content-media__description-centered\">\n<p class=\"content-media__description\"><span class=\"content-media__description__caption\">Mais de 220 mil benef\u00edcios do Bolsa Fam\u00edlia foram bloqueados ou cancelados na Bahia<\/span><\/p>\n<\/div>\n<\/div>\n<div class=\"mc-column mc-side-item__container\" data-block-type=\"ads\" data-block-id=\"1\">\n<div class=\"mc-side-item mc-side-item--right content-ads content-ads--side-ad\">\n<div id=\"banner_materia1\" class=\"tag-manager-publicidade-container tag-manager-publicidade-banner_materia1 tag-manager-publicidade-container--carregado tag-manager-publicidade-container--visivel\" data-google-query-id=\"CMe08vjxxdgCFdQXhgod4gACaw\" data-cid=\"138221941834\" data-lid=\"4540277433\">\n<div id=\"google_ads_iframe_\/95377733\/tvg_G1\/Sua_Regiao&gt;Nordeste&gt;Bahia_1__container__\" style=\"box-sizing: inherit; margin: auto; padding: 0px; border: 0pt none; font-style: inherit; font-variant: inherit; font-weight: inherit; font-stretch: inherit; font-size: inherit; line-height: inherit; font-family: inherit; vertical-align: baseline; width: 300px; text-align: center;\"><\/div>\n<\/div>\n<\/div>\n<\/div>\n<div class=\"mc-column content-text active-extra-styles active-capital-letter\" data-block-type=\"unstyled\" data-block-weight=\"45\" data-block-id=\"2\">\n<p class=\"content-text__container theme-color-primary-first-letter\" data-track-category=\"Link no Texto\" data-track-links=\"\">Mais de 220 mil pessoas tiveram o Bolsa Fam\u00edlia bloqueado ou cancelado no estado da Bahia, ap\u00f3s um cruzamento de dados apontar irregularidades no recebimento do benef\u00edcio do governo federal. A Bahia \u00e9 o segundo estado em n\u00famero de cancelamentos e de bloqueios no programa.<\/p>\n<\/div>\n<div class=\"mc-column content-text active-extra-styles \" data-block-type=\"unstyled\" data-block-weight=\"45\" data-block-id=\"3\">\n<p class=\"content-text__container \" data-track-category=\"Link no Texto\" data-track-links=\"\">De acordo com relat\u00f3rio da Controladoria-Geral da Uni\u00e3o (CGU) e do Minist\u00e9rio da Transpar\u00eancia, divulgado na quinta-feira (4), o estado teve 170 mil cancelamentos e 55 mil bloqueios do benef\u00edcio. Em todo o pa\u00eds, foram encontradas inconsist\u00eancias cadastrais nos dados de 2,5 milh\u00f5es de fam\u00edlias.<\/p>\n<\/div>\n<\/article>\n<\/div>\n<p class=\"content-text__container \" data-track-category=\"Link no Texto\" data-track-links=\"\"><!--more--><\/p>\n<div class=\"mc-article-body\">\n<article>\n<div class=\"mc-column content-text active-extra-styles \" data-block-type=\"unstyled\" data-block-weight=\"49\" data-block-id=\"5\">\n<p class=\"content-text__container \" data-track-category=\"Link no Texto\" data-track-links=\"\">Pelas regras do Minist\u00e9rio do Desenvolvimento Social, tem direito ao Bolsa Fam\u00edlia quem tem renda mensal familiar de at\u00e9 R$ 170 por m\u00eas. As pessoas que ganham entre R$ 170 e R$ 440 tiveram o benef\u00edcio bloqueado. J\u00e1 os que ganham acima de R$ 440 tiveram o benef\u00edcio cancelado.<\/p>\n<\/div>\n<div class=\"mc-column content-text active-extra-styles \" data-block-type=\"unstyled\" data-block-weight=\"43\" data-block-id=\"6\">\n<p class=\"content-text__container \" data-track-category=\"Link no Texto\" data-track-links=\"\">Os \u00f3rg\u00e3os realizaram cruzamento de dados de gastos e renda das fam\u00edlias em busca de poss\u00edveis fraudes. Isso foi feito usando informa\u00e7\u00f5es do Cadastro \u00danico declaradas pelos benefici\u00e1rios quando se inscreveram no programa e outros dados oficiais da base do Minist\u00e9rio da Transpar\u00eancia.<\/p>\n<\/div>\n<div class=\"mc-column content-text active-extra-styles \" data-block-type=\"unstyled\" data-block-weight=\"13\" data-block-id=\"7\">\n<p class=\"content-text__container \" data-track-category=\"Link no Texto\" data-track-links=\"\">Foram verificados, entre outros pontos, v\u00ednculos empregat\u00edcios, aposentadorias e a situa\u00e7\u00e3o de pensionistas.<\/p>\n<\/div>\n<div class=\"mc-column content-text active-extra-styles \" data-block-type=\"unstyled\" data-block-weight=\"35\" data-block-id=\"8\">\n<p class=\"content-text__container \" data-track-category=\"Link no Texto\" data-track-links=\"\">Algumas pessoas que tiveram o benef\u00edcio cancelado ou bloqueado na Bahia, no entanto, dizem n\u00e3o saber o motivo da suspens\u00e3o do benef\u00edcio. \u00c9 o caso da aut\u00f4noma Simone Almeida, que vive com os dois filhos.<\/p>\n<\/div>\n<div class=\"mc-column content-text active-extra-styles \" data-block-type=\"unstyled\" data-block-weight=\"40\" data-block-id=\"9\">\n<p class=\"content-text__container \" data-track-category=\"Link no Texto\" data-track-links=\"\">Ela conta que ganha R$ 200 por m\u00eas com a venda de \u00e1gua, refrigerante e salgadinhos. Mas desde o ano passado, quando o filho mais velho come\u00e7ou a trabalhar, ela teve o benef\u00edcio do Bolsa Fam\u00edlia, de R$ 196, cancelado.<\/p>\n<\/div>\n<div class=\"mc-column content-text active-extra-styles \" data-block-type=\"unstyled\" data-block-weight=\"54\" data-block-id=\"10\">\n<p class=\"content-text__container \" data-track-category=\"Link no Texto\" data-track-links=\"\">No documento de cancelamento, consta que na casa dela a renda \u00e9 de R$ 356 reais por pessoa. Ela nega. &#8220;N\u00e3o \u00e9 verdade de forma alguma. Tenho dois filhos, sendo que apenas um trabalha, mas n\u00e3o recebe sal\u00e1rio m\u00ednimo. Al\u00e9m disso tenho um filho menor de 8 anos, que n\u00e3o tem renda nenhuma&#8221;, diz.<\/p>\n<\/div>\n<div class=\"content-ads content-ads--reveal\" data-block-type=\"ads\" data-block-id=\"11\">\n<div id=\"banner_materia2\" class=\"tag-manager-publicidade-container has-reveal has-ad-lazyload tag-manager-publicidade-banner_materia2 tag-manager-publicidade-container--carregado tag-manager-publicidade-container--visivel\" data-id=\"banner_materia2\" data-google-query-id=\"CN2vgv3xxdgCFRBThgod7R8O_Q\" data-cid=\"138221993989\" data-lid=\"4540606524\">\n<div id=\"google_ads_iframe_\/95377733\/tvg_G1\/Sua_Regiao&gt;Nordeste&gt;Bahia_2__container__\" style=\"box-sizing: inherit; margin: auto; padding: 0px; border: 0pt none; font-style: inherit; font-variant: inherit; font-weight: inherit; font-stretch: inherit; font-size: inherit; line-height: inherit; font-family: inherit; vertical-align: baseline; width: 970px; max-width: 100%; text-align: center;\"><iframe id=\"google_ads_iframe_\/95377733\/tvg_G1\/Sua_Regiao&gt;Nordeste&gt;Bahia_2\" style=\"box-sizing: inherit; margin: 0px; padding: 0px; border: 0px; font-style: inherit; font-variant: inherit; font-weight: inherit; font-stretch: inherit; font-size: inherit; line-height: inherit; font-family: inherit; vertical-align: bottom;\" title=\"3rd party ad content\" name=\"google_ads_iframe_\/95377733\/tvg_G1\/Sua_Regiao&gt;Nordeste&gt;Bahia_2\" width=\"970\" height=\"250\" frameborder=\"0\" marginwidth=\"0\" marginheight=\"0\" scrolling=\"no\"><\/iframe><\/div>\n<\/div>\n<\/div>\n<div class=\"mc-column content-text active-extra-styles \" data-block-type=\"unstyled\" data-block-weight=\"47\" data-block-id=\"12\">\n<p class=\"content-text__container \" data-track-category=\"Link no Texto\" data-track-links=\"\">A dona de casa Ant\u00f4nia tamb\u00e9m n\u00e3o tem renda fixa e diz que vive fazendo &#8220;bicos&#8221;, e que ainda cria um neto de 13 anos. No ano passado, ela teve o Bolsa Fam\u00edlia bloqueado. J\u00e1 fez o recadastramento, mas at\u00e9 agora n\u00e3o voltou a receber o benef\u00edcio.<\/p>\n<\/div>\n<div class=\"mc-column content-text active-extra-styles \" data-block-type=\"unstyled\" data-block-weight=\"36\" data-block-id=\"13\">\n<p class=\"content-text__container \" data-track-category=\"Link no Texto\" data-track-links=\"\">&#8220;Se eles forem olhar no meu hist\u00f3rico, eles n\u00e3o v\u00e3o ver renda. A minha carteira n\u00e3o \u00e9 assinada e n\u00e3o sou aposentada. Eles me prometeram que eu iria receber, e eu n\u00e3o perco a esperan\u00e7a&#8221;, diz.<\/p>\n<\/div>\n<div data-track-category=\"fim do conteudo\" data-track-action=\"ultimo chunk conteudo\" data-track-noninteraction=\"false\" data-track-scroll=\"entrada completa viewport\">\n<div class=\"mc-column content-text active-extra-styles \" data-block-type=\"unstyled\" data-block-weight=\"57\" data-block-id=\"14\">\n<p class=\"content-text__container \" data-track-category=\"Link no Texto\" data-track-links=\"\">A Secretaria de Promo\u00e7\u00e3o Social e Combate \u00e0 Probreza de Salvador disse que est\u00e1 esperando mais informa\u00e7\u00f5es do Minist\u00e9rio do Desenvolvimento Social para falar sobre os ind\u00edcios de fraude nos cadastros do programa Bolsa Fam\u00edlia. Disse ainda que o recadastramento n\u00e3o \u00e9 garantia de retorno do benef\u00edcio, porque a pessoa inscrita ainda pode estar em situa\u00e7\u00e3o irregular.<\/p>\n<\/div>\n<\/div>\n<\/article>\n<\/div>\n","protected":false},"excerpt":{"rendered":"<p>Mais de 220 mil benef\u00edcios do Bolsa Fam\u00edlia foram bloqueados ou cancelados na Bahia Mais de 220 mil pessoas tiveram o Bolsa Fam\u00edlia bloqueado ou cancelado no estado da Bahia, ap\u00f3s um cruzamento de dados apontar irregularidades no recebimento do benef\u00edcio do governo federal. A Bahia \u00e9 o segundo estado em n\u00famero de cancelamentos e [&hellip;]<\/p>\n","protected":false},"author":2,"featured_media":0,"comment_status":"open","ping_status":"open","sticky":false,"template":"","format":"standard","meta":{"_links_to":"","_links_to_target":""},"categories":[7,9,8,1],"tags":[],"_links":{"self":[{"href":"https:\/\/www.ilheusnoticias.net.br\/v1\/wp-json\/wp\/v2\/posts\/11645"}],"collection":[{"href":"https:\/\/www.ilheusnoticias.net.br\/v1\/wp-json\/wp\/v2\/posts"}],"about":[{"href":"https:\/\/www.ilheusnoticias.net.br\/v1\/wp-json\/wp\/v2\/types\/post"}],"author":[{"embeddable":true,"href":"https:\/\/www.ilheusnoticias.net.br\/v1\/wp-json\/wp\/v2\/users\/2"}],"replies":[{"embeddable":true,"href":"https:\/\/www.ilheusnoticias.net.br\/v1\/wp-json\/wp\/v2\/comments?post=11645"}],"version-history":[{"count":1,"href":"https:\/\/www.ilheusnoticias.net.br\/v1\/wp-json\/wp\/v2\/posts\/11645\/revisions"}],"predecessor-version":[{"id":11646,"href":"https:\/\/www.ilheusnoticias.net.br\/v1\/wp-json\/wp\/v2\/posts\/11645\/revisions\/11646"}],"wp:attachment":[{"href":"https:\/\/www.ilheusnoticias.net.br\/v1\/wp-json\/wp\/v2\/media?parent=11645"}],"wp:term":[{"taxonomy":"category","embeddable":true,"href":"https:\/\/www.ilheusnoticias.net.br\/v1\/wp-json\/wp\/v2\/categories?post=11645"},{"taxonomy":"post_tag","embeddable":true,"href":"https:\/\/www.ilheusnoticias.net.br\/v1\/wp-json\/wp\/v2\/tags?post=11645"}],"curies":[{"name":"wp","href":"https:\/\/api.w.org\/{rel}","templated":true}]}}