{"id":11640,"date":"2018-01-07T09:47:16","date_gmt":"2018-01-07T12:47:16","guid":{"rendered":"http:\/\/www.ilheusnoticias.net.br\/v1\/?p=11640"},"modified":"2018-01-07T09:47:16","modified_gmt":"2018-01-07T12:47:16","slug":"de-licenca-maternidade-ivete-leva-familia-para-show-de-simone-e-simaria-e-recebe-beijo-na-barriga-paixao","status":"publish","type":"post","link":"https:\/\/www.ilheusnoticias.net.br\/v1\/2018\/01\/07\/de-licenca-maternidade-ivete-leva-familia-para-show-de-simone-e-simaria-e-recebe-beijo-na-barriga-paixao\/","title":{"rendered":"De licen\u00e7a maternidade, Ivete leva fam\u00edlia para show de Simone e Simaria e recebe beijo na barriga: &#8216;Paix\u00e3o&#8217;"},"content":{"rendered":"<div id=\"header\" class=\"header\">\n<header id=\"header-produto\" class=\"header-navegacao header-g1 header-editoria header-subeditoria header-ready\" data-analytics=\"T\">\n<div class=\"floating-bar\">\n<div class=\"gui-color-primary-bg header-principal header-navegacao-color\">\n<div class=\"grid-12 header-navegacao-container row\">\n<div class=\"area-principal column\">\n<div class=\"menu-area\">\n<div class=\"menu-button\">\n<div class=\"burger\">\u00a0Por G1 BA<\/div>\n<\/div>\n<\/div>\n<\/div>\n<\/div>\n<\/div>\n<\/div>\n<\/header>\n<\/div>\n<div class=\"mc-column\">\n<div class=\"content-publication-data\">\n<p class=\"content-publication-data__updated\"><time datetime=\"2018-01-07T11:56:02.781Z\">07\/01\/2018 09h56\u00a0<\/time><span class=\"content-publication-data__updated-relative\">\u00a0<time datetime=\"2018-01-07T12:16:27.059Z\">Atualizado h\u00e1 menos de 1 minuto<\/time><\/span><\/p>\n<\/div>\n<\/div>\n<div class=\"mc-article-body\">\n<article>\n<div class=\"mc-column content-media content-media--normal  content-photo\" data-block-type=\"backstage-photo\" data-block-id=\"0\">\n<div class=\"content-media__container\">\n<div class=\"content-media__image-centered\">\n<div class=\"progressive-img can-open-lightbox\" data-min-size=\"1008x631\" data-min-size-url=\"https:\/\/s2.glbimg.com\/fEfEWAygi1p5uPn-A_Yap63BY0M=\/0x0:1700x1065\/1008x0\/smart\/filters:strip_icc()\/i.s3.glbimg.com\/v1\/AUTH_59edd422c0c84a879bd37670ae4f538a\/internal_photos\/bs\/2018\/1\/Q\/Xxt4RtRVylDKJtilAASQ\/ivete1.jpg\" data-max-size=\"1600x1002\" data-max-size-url=\"https:\/\/s2.glbimg.com\/uqwZppKvvE52mEytadWQcrb5t_8=\/0x0:1700x1065\/1600x0\/smart\/filters:strip_icc()\/i.s3.glbimg.com\/v1\/AUTH_59edd422c0c84a879bd37670ae4f538a\/internal_photos\/bs\/2018\/1\/Q\/Xxt4RtRVylDKJtilAASQ\/ivete1.jpg\" data-media-index=\"0\"><img class=\"progressive-draft\" title=\"Ivete recebe beijo da dupla Simone e Simaria, em Praia do Forte (Foto: Saulo Brand\u00e3o \/ Divulga\u00e7\u00e3o)\" src=\"data:image\/jpeg;base64,\/9j\/4AAQSkZJRgABAQAAAQABAAD\/2wBDAAMCAgMCAgMDAwMEAwMEBQgFBQQEBQoHBwYIDAoMDAsKCwsNDhIQDQ4RDgsLEBYQERMUFRUVDA8XGBYUGBIUFRT\/2wBDAQMEBAUEBQkFBQkUDQsNFBQUFBQUFBQUFBQUFBQUFBQUFBQUFBQUFBQUFBQUFBQUFBQUFBQUFBQUFBQUFBQUFBT\/wgARCAAQABkDASIAAhEBAxEB\/8QAGQAAAgMBAAAAAAAAAAAAAAAABQcCAwQG\/8QAFgEBAQEAAAAAAAAAAAAAAAAABQME\/9oADAMBAAIQAxAAAAFXtIHbPeJ2y5BAT\/\/EAB4QAAAGAgMAAAAAAAAAAAAAAAABAwQFBgIVExQW\/9oACAEBAAEFApGmq1lylUWR4SFcTKT4UBZ5wnQ9VHalt0M2+7jB\/8QAHhEAAQQBBQAAAAAAAAAAAAAAAQACAwQRISNxkeH\/2gAIAQMBAT8BdSkr7dkgEjzvhTVAzGNQv\/\/EABoRAAIDAQEAAAAAAAAAAAAAAAERAAIDBCH\/2gAIAQIBAT8BvoGLZBqY9Rs34Z\/\/xAAqEAACAQICCAcBAAAAAAAAAAACAwEABBFREhMhIiMxQWEyMzQ1kpSx0f\/aAAgBAQAGPwJDr+dZbTokPDnBk9QnLZUsG1SVsxkNWxeBbmHerVyrUishniyvVDj2jGf2vbi+aP7SpYongACca8\/M6aWyhgj4ngO3GN3DLDKnIlK4ODk0y9UFHLKeXKvTW\/0V1\/\/EABsQAQACAwEBAAAAAAAAAAAAAAERIQAxURBB\/9oACAEBAAE\/IUOd3sMxndbl\/ZKB1LVbqcgNLTL+0qnjKvP0BDKIQCpo45GFFaZao+YYxa6N1o4tPMv\/2gAMAwEAAgADAAAAENLv\/8QAGhEBAAMBAQEAAAAAAAAAAAAAAREhMQBBkf\/aAAgBAwEBPxApcpjULQpRLxOF71ELTCOewyjU\/O\/\/xAAcEQACAQUBAAAAAAAAAAAAAAABESEAMUFRgZH\/2gAIAQIBAT8Qc4BcdxGRGd2pGQCYI4wgRK9r\/8QAGxABAQACAwEAAAAAAAAAAAAAAREhMQAQQVH\/2gAIAQEAAT8Q8V2mBGMSoRyGmOhIkGhQQGQMpcaHU0nA3Q1EVvzHSlL2NPK7ilmJS14pkKYVoNCigT1ueAYp3tgphyIbLR6I\/9k=\" alt=\"Ivete recebe beijo da dupla Simone e Simaria, em Praia do Forte (Foto: Saulo Brand\u00e3o \/ Divulga\u00e7\u00e3o)\" \/><picture><img loading=\"lazy\" class=\"image content-media__image progressive-loaded\" title=\"Ivete recebe beijo da dupla Simone e Simaria, em Praia do Forte (Foto: Saulo Brand\u00e3o \/ Divulga\u00e7\u00e3o)\" src=\"https:\/\/s2.glbimg.com\/j2zhvnbsf-ebcnWRa2SV6P0AVDI=\/0x0:1700x1065\/984x0\/smart\/filters:strip_icc()\/i.s3.glbimg.com\/v1\/AUTH_59edd422c0c84a879bd37670ae4f538a\/internal_photos\/bs\/2018\/1\/Q\/Xxt4RtRVylDKJtilAASQ\/ivete1.jpg\" alt=\"Ivete recebe beijo da dupla Simone e Simaria, em Praia do Forte (Foto: Saulo Brand\u00e3o \/ Divulga\u00e7\u00e3o)\" width=\"323\" height=\"202\" data-src=\"https:\/\/s2.glbimg.com\/j2zhvnbsf-ebcnWRa2SV6P0AVDI=\/0x0:1700x1065\/984x0\/smart\/filters:strip_icc()\/i.s3.glbimg.com\/v1\/AUTH_59edd422c0c84a879bd37670ae4f538a\/internal_photos\/bs\/2018\/1\/Q\/Xxt4RtRVylDKJtilAASQ\/ivete1.jpg\" \/><\/picture><\/div>\n<\/div>\n<div class=\"content-media__description-centered \">\n<p class=\"content-media__description\"><span class=\"content-media__description__caption\">Ivete recebe beijo da dupla Simone e Simaria, em Praia do Forte (Foto: Saulo Brand\u00e3o \/ Divulga\u00e7\u00e3o)<\/span><\/p>\n<\/div>\n<\/div>\n<\/div>\n<div class=\"mc-column mc-side-item__container\" data-block-type=\"ads\" data-block-id=\"1\">\n<div class=\"mc-side-item mc-side-item--right content-ads content-ads--side-ad\">\n<div id=\"banner_materia1\" class=\"tag-manager-publicidade-container tag-manager-publicidade-banner_materia1 tag-manager-publicidade-container--carregado tag-manager-publicidade-container--visivel\" data-google-query-id=\"CJPauvHwxdgCFQYPhgodlCgGwg\" data-cid=\"138221941834\" data-lid=\"4540277433\">\n<div id=\"google_ads_iframe_\/95377733\/tvg_G1\/Sua_Regiao&gt;Nordeste&gt;Bahia\/Internas_1__container__\" style=\"box-sizing: inherit; margin: auto; padding: 0px; border: 0pt none; font-style: inherit; font-variant: inherit; font-weight: inherit; font-stretch: inherit; font-size: inherit; line-height: inherit; font-family: inherit; vertical-align: baseline; width: 300px; text-align: center;\"><\/div>\n<\/div>\n<\/div>\n<\/div>\n<div class=\"mc-column content-text active-extra-styles active-capital-letter\" data-block-type=\"unstyled\" data-block-weight=\"49\" data-block-id=\"2\">\n<p class=\"content-text__container theme-color-primary-first-letter\" data-track-category=\"Link no Texto\" data-track-links=\"\">Gr\u00e1vida de sete meses, a cantora Ivete Sangalo fez uma participa\u00e7\u00e3o especial no show da dupla Simone e Simaria na noite de s\u00e1bado (6). De barriga de fora, a artista subiu ao palco do Beach Sound, em Praia do Forte, regi\u00e3o tur\u00edstica no munic\u00edpio de Mata de S\u00e3o Jo\u00e3o.<\/p>\n<\/div>\n<div class=\"mc-column content-text active-extra-styles \" data-block-type=\"unstyled\" data-block-weight=\"51\" data-block-id=\"3\">\n<p class=\"content-text__container \" data-track-category=\"Link no Texto\" data-track-links=\"\">Ivete,\u00a0<a href=\"https:\/\/g1.globo.com\/ba\/bahia\/musica\/noticia\/reveillon-de-salvador-tera-ile-bell-marques-marilia-mendonca-alok-e-psirico-ivete-sangalo-fara-contagem-regressiva.ghtml\">que est\u00e1 de licen\u00e7a maternidade e levou a fam\u00edlia para a festa<\/a>, disse que o filho Marcelinho \u00e9 f\u00e3 da dupla e que, por isso, n\u00e3o poderia ter recusado o convite para assistir \u00e0 apresenta\u00e7\u00e3o. No palco, ela cantou a m\u00fasica &#8220;Groove&#8221;, que gravou com M\u00e1rcio Victor, da banda Psirico.<\/p>\n<\/div>\n<\/article>\n<\/div>\n<p class=\"content-text__container \" data-track-category=\"Link no Texto\" data-track-links=\"\">\n<p class=\"content-text__container \" data-track-category=\"Link no Texto\" data-track-links=\"\"><!--more--><\/p>\n<div class=\"mc-article-body\">\n<article>\n<div class=\"mc-column content-media content-media--normal  content-photo\" data-block-type=\"backstage-photo\" data-block-id=\"4\">\n<div class=\"content-media__container\">\n<div class=\"content-media__image-centered\">\n<div class=\"progressive-img can-open-lightbox\" data-min-size=\"1008x631\" data-min-size-url=\"https:\/\/s2.glbimg.com\/Lpmxtf8nk6yGfyCbgrf7GzifA9s=\/0x0:1700x1065\/1008x0\/smart\/filters:strip_icc()\/i.s3.glbimg.com\/v1\/AUTH_59edd422c0c84a879bd37670ae4f538a\/internal_photos\/bs\/2018\/l\/i\/Ww4BKZTjOvui4P9RNlkg\/ivete4.jpg\" data-max-size=\"1600x1002\" data-max-size-url=\"https:\/\/s2.glbimg.com\/4sBQvzJNgBIdh5djlGqde4CK5sI=\/0x0:1700x1065\/1600x0\/smart\/filters:strip_icc()\/i.s3.glbimg.com\/v1\/AUTH_59edd422c0c84a879bd37670ae4f538a\/internal_photos\/bs\/2018\/l\/i\/Ww4BKZTjOvui4P9RNlkg\/ivete4.jpg\" data-media-index=\"1\"><img class=\"progressive-draft\" title=\"Ivete postou uma foto abra\u00e7ada com Simone durante o show (Foto: Reprodu\u00e7\u00e3o \/ Instagram)\" src=\"data:image\/jpeg;base64,\/9j\/4AAQSkZJRgABAQAAAQABAAD\/2wBDAAMCAgMCAgMDAwMEAwMEBQgFBQQEBQoHBwYIDAoMDAsKCwsNDhIQDQ4RDgsLEBYQERMUFRUVDA8XGBYUGBIUFRT\/2wBDAQMEBAUEBQkFBQkUDQsNFBQUFBQUFBQUFBQUFBQUFBQUFBQUFBQUFBQUFBQUFBQUFBQUFBQUFBQUFBQUFBQUFBT\/wgARCAAQABkDASIAAhEBAxEB\/8QAFwAAAwEAAAAAAAAAAAAAAAAAAgYHAf\/EABUBAQEAAAAAAAAAAAAAAAAAAAMF\/9oADAMBAAIQAxAAAAGCVWXO5VUHBJZf\/8QAGhAAAgMBAQAAAAAAAAAAAAAAAwQBAgUAMf\/aAAgBAQABBQIZJCTfURbQmYtPL1Hdjbz1MYdfO\/\/EABkRAAMAAwAAAAAAAAAAAAAAAAABAgMEEf\/aAAgBAwEBPwHTajHdUujP\/8QAFxEBAAMAAAAAAAAAAAAAAAAAAQIQIf\/aAAgBAgEBPwGWoV\/\/xAAiEAACAQMDBQEAAAAAAAAAAAABAgMAETEEEEESExQhgTL\/2gAIAQEABj8CWRTZlNwa0+vVR3Cpa8TfprX9\/c1cYO0azMY4iwDMOBS+PqWljZT0ojZvyTj4KG3\/xAAdEAEAAQQDAQAAAAAAAAAAAAABEQAhQVEQMXGB\/9oACAEBAAE\/IY8XEwnVCGFZzku7vilW4OCEgPLNdCoXnkeonCOgau8uP\/\/aAAwDAQACAAMAAAAQ78\/\/xAAaEQEAAgMBAAAAAAAAAAAAAAABAIERIVFh\/9oACAEDAQE\/EBujR6caqLKs\/8QAFhEBAQEAAAAAAAAAAAAAAAAAARAR\/9oACAECAQE\/ECgOT\/\/EABwQAQEAAgIDAAAAAAAAAAAAAAERACEQMVFhcf\/aAAgBAQABPxBZPcOdUfEMHCgYhQvcktw9iOLUtJp3wcGxr4FNKCsfGDq4D3uUgor0SoFxKntHH\/\/Z\" alt=\"Ivete postou uma foto abra\u00e7ada com Simone durante o show (Foto: Reprodu\u00e7\u00e3o \/ Instagram)\" \/><picture><img loading=\"lazy\" class=\"image content-media__image progressive-loaded\" title=\"Ivete postou uma foto abra\u00e7ada com Simone durante o show (Foto: Reprodu\u00e7\u00e3o \/ Instagram)\" src=\"https:\/\/s2.glbimg.com\/16cHgjsXwoX0Lu413uc2BSkdvyA=\/0x0:1700x1065\/984x0\/smart\/filters:strip_icc()\/i.s3.glbimg.com\/v1\/AUTH_59edd422c0c84a879bd37670ae4f538a\/internal_photos\/bs\/2018\/l\/i\/Ww4BKZTjOvui4P9RNlkg\/ivete4.jpg\" alt=\"Ivete postou uma foto abra\u00e7ada com Simone durante o show (Foto: Reprodu\u00e7\u00e3o \/ Instagram)\" width=\"500\" height=\"313\" data-src=\"https:\/\/s2.glbimg.com\/16cHgjsXwoX0Lu413uc2BSkdvyA=\/0x0:1700x1065\/984x0\/smart\/filters:strip_icc()\/i.s3.glbimg.com\/v1\/AUTH_59edd422c0c84a879bd37670ae4f538a\/internal_photos\/bs\/2018\/l\/i\/Ww4BKZTjOvui4P9RNlkg\/ivete4.jpg\" \/><\/picture><\/div>\n<\/div>\n<div class=\"content-media__description-centered \">\n<p class=\"content-media__description\"><span class=\"content-media__description__caption\">Ivete postou uma foto abra\u00e7ada com Simone durante o show (Foto: Reprodu\u00e7\u00e3o \/ Instagram)<\/span><\/p>\n<\/div>\n<\/div>\n<\/div>\n<div class=\"mc-column content-text active-extra-styles \" data-block-type=\"unstyled\" data-block-weight=\"24\" data-block-id=\"5\">\n<p class=\"content-text__container \" data-track-category=\"Link no Texto\" data-track-links=\"\">O momento foi compartilhado pelas cantoras nas redes sociais. Em um post, Simaria falou sobre a alegria de compartilhar o palco com a amiga.<\/p>\n<\/div>\n<div class=\"mc-column content-text active-extra-styles \" data-block-type=\"unstyled\" data-block-weight=\"44\" data-block-id=\"6\">\n<p class=\"content-text__container \" data-track-category=\"Link no Texto\" data-track-links=\"\">&#8220;Gente olha quem veio ver a gente cantar com a fam\u00edlia todaa aqui na Praia do Forte!!! @ivetesangalo, obrigadaaaa pelos conselhos por ser essa amiga t\u00e3o lindaaa! Que Deus aben\u00e7oe ainda mais sua vida. Marcelinho vc t\u00e1 gato vai d\u00e1 trabalho pra Veveta&#8221;, disse.<\/p>\n<\/div>\n<div class=\"mc-column content-text active-extra-styles \" data-block-type=\"unstyled\" data-block-weight=\"30\" data-block-id=\"7\">\n<p class=\"content-text__container \" data-track-category=\"Link no Texto\" data-track-links=\"\">Tamb\u00e9m nas redes sociais, Ivete postou uma foto abra\u00e7ada com a cantora Simone acompanhada da frase: &#8220;\u00ca paix\u00e3o&#8221;.\u00a0<a href=\"https:\/\/g1.globo.com\/ba\/bahia\/musica\/noticia\/reveillon-de-salvador-tera-ile-bell-marques-marilia-mendonca-alok-e-psirico-ivete-sangalo-fara-contagem-regressiva.ghtml\">Ivete fez o \u00faltimo show, antes do parto, no r\u00e9veillon de Salvador<\/a>.<\/p>\n<\/div>\n<div data-track-category=\"fim do conteudo\" data-track-action=\"ultimo chunk conteudo\" data-track-noninteraction=\"false\" data-track-scroll=\"entrada completa viewport\">\n<div class=\"mc-column content-media content-media--normal  content-photo\" data-block-type=\"backstage-photo\" data-block-id=\"8\">\n<div class=\"content-media__container\">\n<div class=\"content-media__image-centered\">\n<div class=\"progressive-img can-open-lightbox\" data-min-size=\"1008x631\" data-min-size-url=\"https:\/\/s2.glbimg.com\/vrEl2E4TPKuNbCGHIVvVH2qWLUI=\/0x0:1700x1065\/1008x0\/smart\/filters:strip_icc()\/i.s3.glbimg.com\/v1\/AUTH_59edd422c0c84a879bd37670ae4f538a\/internal_photos\/bs\/2018\/l\/e\/77m3YiSaWtA3xZ1znWMQ\/ivete3.jpg\" data-max-size=\"1600x1002\" data-max-size-url=\"https:\/\/s2.glbimg.com\/80UaL5ag4xyyQUvpfqDffU-diVw=\/0x0:1700x1065\/1600x0\/smart\/filters:strip_icc()\/i.s3.glbimg.com\/v1\/AUTH_59edd422c0c84a879bd37670ae4f538a\/internal_photos\/bs\/2018\/l\/e\/77m3YiSaWtA3xZ1znWMQ\/ivete3.jpg\" data-media-index=\"2\"><img class=\"progressive-draft\" title=\"A dupla Simone e Simaria compartilhou o momento no Instagram (Foto: Reprodu\u00e7\u00e3o \/ Instagram)\" src=\"data:image\/jpeg;base64,\/9j\/4AAQSkZJRgABAQAAAQABAAD\/2wBDAAMCAgMCAgMDAwMEAwMEBQgFBQQEBQoHBwYIDAoMDAsKCwsNDhIQDQ4RDgsLEBYQERMUFRUVDA8XGBYUGBIUFRT\/2wBDAQMEBAUEBQkFBQkUDQsNFBQUFBQUFBQUFBQUFBQUFBQUFBQUFBQUFBQUFBQUFBQUFBQUFBQUFBQUFBQUFBQUFBT\/wgARCAAQABkDASIAAhEBAxEB\/8QAGAABAAMBAAAAAAAAAAAAAAAABgMFBwj\/xAAWAQEBAQAAAAAAAAAAAAAAAAACAwT\/2gAMAwEAAhADEAAAAcsWAYzbsFOMunn\/AP\/EABwQAAEFAQEBAAAAAAAAAAAAAAUBAgMEBgAVF\/\/aAAgBAQABBQLKhmFEvZeuxBgMbFU8ETziCPoQ25WVhe4Bw0foOe7\/xAAdEQABBAIDAAAAAAAAAAAAAAABAAIDMQQSIWHR\/9oACAEDAQE\/AchkIGkbie658TaX\/8QAGREAAwADAAAAAAAAAAAAAAAAAAECERIx\/9oACAECAQE\/AYd52Y+n\/8QAJxAAAQMDAgUFAQAAAAAAAAAAAQIDEQAEEhMhBTE1QWEigZKT0fH\/2gAIAQEABj8CLly+6FaoaDIVBWCDJ9qvNN17JtyB6jAnt\/at0q4ews4JkrQCeQ8V0+0+kU2zji42mEqnwKNvqpRmvJS95233q11+JIS8GkZJxVzjftXU2\/ir8r\/\/xAAdEAEBAAIDAAMAAAAAAAAAAAABEQAhMUFxEMHw\/9oACAEBAAE\/IYMxIgIVHeM74wKGSMTh331w54xED34Mn4D6wVsAEgwXXjjxTQsKiu9hgEMEiTh9fBj\/2gAMAwEAAgADAAAAELKv\/8QAGhEBAQEAAwEAAAAAAAAAAAAAARExACFRYf\/aAAgBAwEBPxDKoHw0kO3A1a35Agu8\/8QAGhEBAAIDAQAAAAAAAAAAAAAAAQARITFRQf\/aAAgBAgEBPxCpADSOcd5fuohU\/8QAGxABAQACAwEAAAAAAAAAAAAAAREhMQAQQWH\/2gAIAQEAAT8QJHlm4UwBh6jOG5gx0BrRMapVoFyVMjmyuTmrVarXpfRzwDy21qjdus3iEN3+SDWpGKM+8JP8oI4IZXQP\/9k=\" alt=\"A dupla Simone e Simaria compartilhou o momento no Instagram (Foto: Reprodu\u00e7\u00e3o \/ Instagram)\" \/><picture><img loading=\"lazy\" class=\"image content-media__image progressive-loaded\" title=\"A dupla Simone e Simaria compartilhou o momento no Instagram (Foto: Reprodu\u00e7\u00e3o \/ Instagram)\" src=\"https:\/\/s2.glbimg.com\/pw5VGvCOX8zPJafyr0v96q2gZkg=\/0x0:1700x1065\/984x0\/smart\/filters:strip_icc()\/i.s3.glbimg.com\/v1\/AUTH_59edd422c0c84a879bd37670ae4f538a\/internal_photos\/bs\/2018\/l\/e\/77m3YiSaWtA3xZ1znWMQ\/ivete3.jpg\" alt=\"A dupla Simone e Simaria compartilhou o momento no Instagram (Foto: Reprodu\u00e7\u00e3o \/ Instagram)\" width=\"492\" height=\"308\" data-src=\"https:\/\/s2.glbimg.com\/pw5VGvCOX8zPJafyr0v96q2gZkg=\/0x0:1700x1065\/984x0\/smart\/filters:strip_icc()\/i.s3.glbimg.com\/v1\/AUTH_59edd422c0c84a879bd37670ae4f538a\/internal_photos\/bs\/2018\/l\/e\/77m3YiSaWtA3xZ1znWMQ\/ivete3.jpg\" \/><\/picture><\/div>\n<\/div>\n<div class=\"content-media__description-centered \">\n<p class=\"content-media__description\"><span class=\"content-media__description__caption\">A dupla Simone e Simaria compartilhou o momento no Instagram (Foto: Reprodu\u00e7\u00e3o \/ Instagram)<\/span><\/p>\n<\/div>\n<\/div>\n<\/div>\n<\/div>\n<\/article>\n<\/div>\n","protected":false},"excerpt":{"rendered":"<p>\u00a0Por G1 BA 07\/01\/2018 09h56\u00a0\u00a0Atualizado h\u00e1 menos de 1 minuto Ivete recebe beijo da dupla Simone e Simaria, em Praia do Forte (Foto: Saulo Brand\u00e3o \/ Divulga\u00e7\u00e3o) Gr\u00e1vida de sete meses, a cantora Ivete Sangalo fez uma participa\u00e7\u00e3o especial no show da dupla Simone e Simaria na noite de s\u00e1bado (6). De barriga de fora, [&hellip;]<\/p>\n","protected":false},"author":2,"featured_media":0,"comment_status":"open","ping_status":"open","sticky":false,"template":"","format":"standard","meta":{"_links_to":"","_links_to_target":""},"categories":[7,9,8,1],"tags":[],"_links":{"self":[{"href":"https:\/\/www.ilheusnoticias.net.br\/v1\/wp-json\/wp\/v2\/posts\/11640"}],"collection":[{"href":"https:\/\/www.ilheusnoticias.net.br\/v1\/wp-json\/wp\/v2\/posts"}],"about":[{"href":"https:\/\/www.ilheusnoticias.net.br\/v1\/wp-json\/wp\/v2\/types\/post"}],"author":[{"embeddable":true,"href":"https:\/\/www.ilheusnoticias.net.br\/v1\/wp-json\/wp\/v2\/users\/2"}],"replies":[{"embeddable":true,"href":"https:\/\/www.ilheusnoticias.net.br\/v1\/wp-json\/wp\/v2\/comments?post=11640"}],"version-history":[{"count":1,"href":"https:\/\/www.ilheusnoticias.net.br\/v1\/wp-json\/wp\/v2\/posts\/11640\/revisions"}],"predecessor-version":[{"id":11641,"href":"https:\/\/www.ilheusnoticias.net.br\/v1\/wp-json\/wp\/v2\/posts\/11640\/revisions\/11641"}],"wp:attachment":[{"href":"https:\/\/www.ilheusnoticias.net.br\/v1\/wp-json\/wp\/v2\/media?parent=11640"}],"wp:term":[{"taxonomy":"category","embeddable":true,"href":"https:\/\/www.ilheusnoticias.net.br\/v1\/wp-json\/wp\/v2\/categories?post=11640"},{"taxonomy":"post_tag","embeddable":true,"href":"https:\/\/www.ilheusnoticias.net.br\/v1\/wp-json\/wp\/v2\/tags?post=11640"}],"curies":[{"name":"wp","href":"https:\/\/api.w.org\/{rel}","templated":true}]}}