{"id":11636,"date":"2018-01-07T09:42:31","date_gmt":"2018-01-07T12:42:31","guid":{"rendered":"http:\/\/www.ilheusnoticias.net.br\/v1\/?p=11636"},"modified":"2018-01-07T09:42:31","modified_gmt":"2018-01-07T12:42:31","slug":"desenvolvimento-territorial-da-cultura-registrou-importante-balanco-em-2017","status":"publish","type":"post","link":"https:\/\/www.ilheusnoticias.net.br\/v1\/2018\/01\/07\/desenvolvimento-territorial-da-cultura-registrou-importante-balanco-em-2017\/","title":{"rendered":"Desenvolvimento territorial da cultura registrou importante balan\u00e7o em 2017"},"content":{"rendered":"<p><img loading=\"lazy\" class=\"\" src=\"https:\/\/attachment.outlook.office.net\/owa\/laudiceacarvalho62@hotmail.com\/service.svc\/s\/GetAttachmentThumbnail?id=AQMkADAwATYwMAItY2MANTgtODQxNC0wMAItMDAKAEYAAANqOYr2uMN4Qoz6pFp%2FhFoeBwAsxvM0hWqyT6EfSeQ8%2BPgA8AAAAgEMAAAALMbzNIVqsk%2BhH0nkPPj4APAAAU%2BF%2BJYAAAABEgAQAGtaMlg1NQBYQ6CT5bRyXTOH&amp;thumbnailType=2&amp;X-OWA-CANARY=zLy5XYFmo02LDP17cPSUW_B6Y8HLVdUYxzdi3lV8oOBNDheehHrZMnrvj0RQzR32vTgzKF84VGU.&amp;token=eyJ0eXAiOiJKV1QiLCJhbGciOiJSUzI1NiIsIng1dCI6ImVuaDlCSnJWUFU1aWpWMXFqWmpWLWZMMmJjbyJ9.eyJ2ZXIiOiJFeGNoYW5nZS5DYWxsYmFjay5WMSIsImFwcGN0eHNlbmRlciI6Ik93YURvd25sb2FkQDg0ZGY5ZTdmLWU5ZjYtNDBhZi1iNDM1LWFhYWFhYWFhYWFhYSIsImFwcGN0eCI6IntcIm1zZXhjaHByb3RcIjpcIm93YVwiLFwicHJpbWFyeXNpZFwiOlwiUy0xLTI4MjctMzkzMjE2LTM0MjgzNTMwNDRcIixcInB1aWRcIjpcIjE2ODg4NTMyODg2MTY5ODBcIixcIm9pZFwiOlwiMDAwNjAwMDAtY2M1OC04NDE0LTAwMDAtMDAwMDAwMDAwMDAwXCIsXCJzY29wZVwiOlwiT3dhRG93bmxvYWRcIn0iLCJpc3MiOiIwMDAwMDAwMi0wMDAwLTBmZjEtY2UwMC0wMDAwMDAwMDAwMDBAODRkZjllN2YtZTlmNi00MGFmLWI0MzUtYWFhYWFhYWFhYWFhIiwiYXVkIjoiMDAwMDAwMDItMDAwMC0wZmYxLWNlMDAtMDAwMDAwMDAwMDAwL2F0dGFjaG1lbnQub3V0bG9vay5vZmZpY2UubmV0QDg0ZGY5ZTdmLWU5ZjYtNDBhZi1iNDM1LWFhYWFhYWFhYWFhYSIsImV4cCI6MTUxNTMyOTM5NSwibmJmIjoxNTE1MzI4Nzk1fQ.J_btPhKTD_2EQWADHTbM8IYQTU1WaZW6HQXeXOYedguN5_Yrg2JF6ovDarnUG4LWyWBptV2Tb-dEfnSVe-Fp6qU5mtAtBkLDgP9ECU-Mr-xdhs6W0vORLrNADT6Hm-vNnZMh41QnZ3p1XfJLkNed2wIumcdQLNixR-oWTqWhBWZtwkcKJszxfOKJUC_PQeuHljjsfCl3SspHeLxWHfzmT6ZkB6PGqdNnT4UAzoRrmrj4csv1IYPYkBkLO89iuTqbee1-uBevnYvVZMP6CrsrcdP4J6SNw3bSAhpDWQYwFkAN6Xa8rJh8pW3RFLBprzk41y5tZFUPSHecINnq6RFo8g&amp;owa=outlook.live.com&amp;isc=1\" alt=\"\" width=\"472\" height=\"263\" \/><\/p>\n<p class=\"x_x_x_x_x_x_x_x_x_x_x_x_x_gmail-MsoNormal\" align=\"center\">\n<p class=\"x_x_x_x_x_x_x_x_x_x_x_x_x_gmail-MsoNormal\" align=\"center\"><i>\u00a0<\/i><\/p>\n<p class=\"x_x_x_x_x_x_x_x_x_x_x_x_x_gmail-MsoNormal\"><span class=\"x_x_x_x_x_x_x_x_x_x_x_x_x_gmail-textexposedshow\">A\u00e7\u00f5es e projetos realizados de forma participativa, articulando institui\u00e7\u00f5es p\u00fablicas, privadas e sociedade civil, movimentaram o ano de 2017 da Superintend\u00eancia de Desenvolvimento Territorial da Cultura (Sudecult), da Secretaria de Cultura do Estado da Bahia (SecultBA). O balan\u00e7o anual foi avaliado de forma positiva pela superintend\u00eancia, que \u00e9 respons\u00e1vel por a\u00e7\u00f5es para o desenvolvimento territorial da cultura para o benef\u00edcio dos 27 Territ\u00f3rios de Identidade da Bahia, respeitando as diferentes caracter\u00edsticas que comp\u00f5em a diversidade cultural do estado.<\/span><\/p>\n<p class=\"x_x_x_x_x_x_x_x_x_x_x_x_x_gmail-MsoNormal\"><!--more--><\/p>\n<p class=\"x_x_x_x_x_x_x_x_x_x_x_x_x_gmail-MsoNormal\"><span class=\"x_x_x_x_x_x_x_x_x_x_x_x_x_gmail-textexposedshow\">\u00a0<\/span><\/p>\n<p class=\"x_x_x_x_x_x_x_x_x_x_x_x_x_gmail-MsoNormal\"><span class=\"x_x_x_x_x_x_x_x_x_x_x_x_x_gmail-textexposedshow\">O superintendente da Sudecult, Sandro Magalh\u00e3es, reafirma a import\u00e2ncia fundamental da organiza\u00e7\u00e3o e institucionaliza\u00e7\u00e3o do campo da cultura para as pol\u00edticas p\u00fablicas na Bahia. \u201cCom programas inovadores, parcerias com a comunidade cultural e uma equipe dedicada, estamos avan\u00e7ando na institucionaliza\u00e7\u00e3o nos munic\u00edpios, na amplia\u00e7\u00e3o das a\u00e7\u00f5es de cidadania cultural e na dinamiza\u00e7\u00e3o dos espa\u00e7os culturais na Bahia\u201d, declara, destacando a dedica\u00e7\u00e3o dos profissionais da superintend\u00eancia, formada pelas diretorias de Territorializa\u00e7\u00e3o da Cultura (DTC), de Espa\u00e7os Culturais (DEC) e de Cidadania Cultural (DCC).<\/span><\/p>\n<p class=\"x_x_x_x_x_x_x_x_x_x_x_x_x_gmail-MsoNormal\"><span class=\"x_x_x_x_x_x_x_x_x_x_x_x_x_gmail-textexposedshow\">\u00a0<\/span><\/p>\n<p class=\"x_x_x_x_x_x_x_x_x_x_x_x_x_gmail-MsoNormal\"><span class=\"x_x_x_x_x_x_x_x_x_x_x_x_x_gmail-textexposedshow\"><b>Pontos de Cultura \u2013\u00a0<\/b><\/span><span class=\"x_x_x_x_x_x_x_x_x_x_x_x_x_gmail-textexposedshow\">Permanecendo como uma das principais a\u00e7\u00f5es de frente da Sudecult, a Politica Nacional de Cultura Viva e nela o Programa Mais Cultura, teve seu Programa de Forma\u00e7\u00e3o e Acompanhamento estruturado. Os Pontos de Cultura ganharam uma Central de Atendimento, que em seu primeiro ano, j\u00e1 realizou mais de 1000 atendimentos atrav\u00e9s das diversas vias de comunica\u00e7\u00e3o \u2013 presencial, virtual e telef\u00f4nica. O servi\u00e7o p\u00fablico disponibilizado aos gestores dos Pontos de Cultura visa o\u00a0<\/span>atendimento, em tempo real, orienta\u00e7\u00e3o, monitoramento e acompanhamento de suas demandas relativas \u00e0 execu\u00e7\u00e3o do projeto e presta\u00e7\u00e3o de contas.<\/p>\n<p class=\"x_x_x_x_x_x_x_x_x_x_x_x_x_gmail-MsoNormal\">\n<p class=\"x_x_x_x_x_x_x_x_x_x_x_x_x_gmail-MsoNormal\">Foram vistoriados 87 Pontos de Cultura em todo estado, um n\u00famero recorde para a superintend\u00eancia. As vistorias aos Pontos de Cultura visam o acompanhamento da execu\u00e7\u00e3o e gest\u00e3o dos projetos de Pontos de Cultura, orientando seus coordenadores em rela\u00e7\u00e3o aos procedimentos necess\u00e1rios para a correta utiliza\u00e7\u00e3o dos recursos e alcance dos objetivos propostos.\u00a0<span class=\"x_x_x_x_x_x_x_x_x_x_x_x_x_gmail-textexposedshow\">Em 2017, 50 mil cidad\u00e3os se envolveram em atividades dos Pontos de Cultura espalhados pelos 27 territ\u00f3rios de identidade.<\/span><\/p>\n<p class=\"x_x_x_x_x_x_x_x_x_x_x_x_x_gmail-MsoNormal\"><span class=\"x_x_x_x_x_x_x_x_x_x_x_x_x_gmail-textexposedshow\">\u00a0<\/span><\/p>\n<p class=\"x_x_x_x_x_x_x_x_x_x_x_x_x_gmail-MsoNormal\"><span class=\"x_x_x_x_x_x_x_x_x_x_x_x_x_gmail-textexposedshow\"><b>Munic\u00edpios Culturais \u2013\u00a0<\/b><\/span><span class=\"x_x_x_x_x_x_x_x_x_x_x_x_x_gmail-textexposedshow\">Entre os projetos de destaque em 2017, foi lan\u00e7ado o Programa Munic\u00edpios Culturais, que\u00a0<\/span>contribuiu com o fortalecimento do desenvolvimento da pol\u00edtica Territorial e, em seu primeiro ano, atingiu 67% dos munic\u00edpios baianos. A segunda fase, que ter\u00e1 in\u00edcio em 2018 j\u00e1 com ades\u00e3o de 279 munic\u00edpios, deve contribuir com a maior descentraliza\u00e7\u00e3o dos projetos art\u00edsticos e culturais da SecultBA, que ser\u00e3o ofertados para as cidades ao conclu\u00edrem os seus planos de trabalho.<\/p>\n<p class=\"x_x_x_x_x_x_x_x_x_x_x_x_x_gmail-MsoNormal\">\n<p class=\"x_x_x_x_x_x_x_x_x_x_x_x_x_gmail-MsoNormal\">Foi tamb\u00e9m lan\u00e7ado o Panorama dos Sistemas Municipais de Cultura da Bahia, ferramenta que possibilita o mapeamento do processo de institucionaliza\u00e7\u00e3o da cultura nos munic\u00edpios baianos.\u00a0O documento foi elaborado para fornecer dados importantes acerca da constitui\u00e7\u00e3o dos elementos constitutivos dos sistemas municipais e sobre o processo de ades\u00e3o ao Sistema Estadual de Cultura da Bahia atrav\u00e9s do Programa Munic\u00edpios Culturais.<\/p>\n<p class=\"x_x_x_x_x_x_x_x_x_x_x_x_x_gmail-MsoNormal\">\n<p class=\"x_x_x_x_x_x_x_x_x_x_x_x_x_gmail-MsoNormal\">Tamb\u00e9m foi realizada pesquisa sobre a organiza\u00e7\u00e3o da cultura e o perfil cultural dos territ\u00f3rios de identidade da Bahia, com intuito de apresentar um balan\u00e7o das pol\u00edticas culturais executadas nos \u00faltimos anos. O resultado deste trabalho deve ser apresentado \u00e0 sociedade numa publica\u00e7\u00e3o que ser\u00e1 lan\u00e7ada em 2018.<\/p>\n<p class=\"x_x_x_x_x_x_x_x_x_x_x_x_x_gmail-MsoNormal\">\n<p class=\"x_x_x_x_x_x_x_x_x_x_x_x_x_gmail-MsoNormal\"><b>Ocupe Seu Espa\u00e7o \u2013\u00a0<\/b>Mais um projeto in\u00e9dito lan\u00e7ado em 2017, a Convocat\u00f3ria Ocupe Seu Espa\u00e7o promoveu a dinamiza\u00e7\u00e3o dos espa\u00e7os culturais da SecultBA. A campanha marcou tamb\u00e9m a comemora\u00e7\u00e3o dos 10 anos da Diretoria de Espa\u00e7os Culturais (DEC), ligada \u00e0 Sudecult.<\/p>\n<p class=\"x_x_x_x_x_x_x_x_x_x_x_x_x_gmail-MsoNormal\">\n<p>Na campanha Ocupe seu Espa\u00e7o foram realizadas as inscri\u00e7\u00f5es de 03 (tr\u00eas) chamadas p\u00fablicas, 02 (duas) para serem realizadas ao longo desse ano e 01 (uma) para o primeiro semestre de 2018. Ressalta-se que na primeira edi\u00e7\u00e3o, ocorrida em mar\u00e7o\/2017, das 144 propostas recebidas, foram selecionadas 119. J\u00e1 na segunda edi\u00e7\u00e3o, em agosto, foram recebidas 373 inscri\u00e7\u00f5es e contempladas 169, inclusive propostas de outros estados, sendo: 04 (quatro) propostas do Rio de Janeiro, 01 (uma) de Pernambuco, 01 (uma) de Santa Catarina e 02 (duas) de S\u00e3o Paulo. Como uma forma de apoio, as propostas contempladas pelo Ocupe recebem o desconto de 50% (cinquenta por cento) nos valores de pautas.<\/p>\n<p>&nbsp;<\/p>\n<p>O projeto alcan\u00e7ou sucesso e ressaltou a import\u00e2ncia da ocupa\u00e7\u00e3o dos espa\u00e7os culturais por propostas das mais diversas vias. Cabe ressaltar que no ano de 2017 os Espa\u00e7os Culturais da SecultBA foram ocupados por um p\u00fablico de aproximadamente 400 mil pessoas.<\/p>\n<p>&nbsp;<\/p>\n<p class=\"x_x_x_x_x_x_x_x_x_x_x_x_x_gmail-MsoNormal\"><b>Requalifica\u00e7\u00e3o dos espa\u00e7os culturais \u2013\u00a0<\/b>Em 2017, a Secretaria de Cultura do Estado da Bahia (SecultBA) investiu mais de R$ 1 milh\u00e3o em servi\u00e7os de manuten\u00e7\u00e3o e de requalifica\u00e7\u00e3o em seis espa\u00e7os culturais com caracter\u00edsticas c\u00eanicas localizados em cinco munic\u00edpios baianos. Dentre os destaques, est\u00e3o as obras de requalifica\u00e7\u00e3o do Centro de Cultura Camillo de Jesus Lima, localizado em Vit\u00f3ria da Conquista, para adequ\u00e1-lo \u00e0s normas atuais de seguran\u00e7a, combate a inc\u00eandio, p\u00e2nico e acessibilidade.<\/p>\n<p class=\"x_x_x_x_x_x_x_x_x_x_x_x_x_gmail-MsoNormal\">\n<p class=\"x_x_x_x_x_x_x_x_x_x_x_x_x_gmail-MsoNormal\">O projeto e a experi\u00eancia adquirida em Camillo de Jesus Lima ser\u00e1 base para outros sete espa\u00e7os culturais, que possuem as mesmas caracter\u00edsticas arquitet\u00f4nicas. O pr\u00f3ximo a receber tais readequa\u00e7\u00f5es \u00e9 o Centro de Cultura Adonias Filho, localizado em Itabuna, cuja licita\u00e7\u00e3o est\u00e1 em vias de finaliza\u00e7\u00e3o.<\/p>\n<p class=\"x_x_x_x_x_x_x_x_x_x_x_x_x_gmail-MsoNormal\">\n<p class=\"x_x_x_x_x_x_x_x_x_x_x_x_x_gmail-MsoNormal\"><span class=\"x_x_x_x_x_x_x_x_x_x_x_x_x_gmail-textexposedshow\"><b>Encontros e debates<\/b><\/span><span class=\"x_x_x_x_x_x_x_x_x_x_x_x_x_gmail-textexposedshow\">\u00a0\u2013 Envolver a comunidade cultural nos debates sobre as pol\u00edticas p\u00fablicas do estado tem sido caracter\u00edstica do trabalho da Sudecult em prol do fortalecimento e melhorias neste cen\u00e1rio. Dentre os eventos realizados em 2017, mais de 400 agentes culturais se deslocaram at\u00e9 Feira de Santana para participar do do IV Encontro de Gest\u00e3o e Pol\u00edticas Culturais. O evento teve a participa\u00e7\u00e3o de Dirigentes municipais, legisladores (vereadores, deputados e assessores parlamentares), conselheiros de cultura, gestores de espa\u00e7os culturais, gestores sociais da cultura e ainda pesquisadores, estudantes, artistas, produtores e ativistas.<\/span><\/p>\n<p class=\"x_x_x_x_x_x_x_x_x_x_x_x_x_gmail-MsoNormal\"><span class=\"x_x_x_x_x_x_x_x_x_x_x_x_x_gmail-textexposedshow\">\u00a0<\/span><\/p>\n<p class=\"x_x_x_x_x_x_x_x_x_x_x_x_x_gmail-MsoNormal\"><span class=\"x_x_x_x_x_x_x_x_x_x_x_x_x_gmail-textexposedshow\">O Semin\u00e1rio Cultura Viva contou com tr\u00eas edi\u00e7\u00f5es no ano de 2017. Foram debatidos de\u00a0<\/span>os seguintes temas: M\u00f3dulo I &#8211; Presta\u00e7\u00e3o de Contas; M\u00f3dulo II &#8211; Boas pr\u00e1ticas de Comunica\u00e7\u00e3o em Rede; M\u00f3dulo III &#8211; Pol\u00edticas Culturais Cidadania e Territ\u00f3rios. Todas as edi\u00e7\u00f5es foram realizadas no IAT &#8211; Instituto An\u00edsio Teixeira, com transmiss\u00e3o via web. A participa\u00e7\u00e3o foi significativa, contando com p\u00fablico total de 409 participantes.<\/p>\n<p class=\"x_x_x_x_x_x_x_x_x_x_x_x_x_gmail-MsoNormal\"><span class=\"x_x_x_x_x_x_x_x_x_x_x_x_x_gmail-textexposedshow\">\u00a0<\/span><\/p>\n<p class=\"x_x_x_x_x_x_x_x_x_x_x_x_x_gmail-MsoNormal\"><span class=\"x_x_x_x_x_x_x_x_x_x_x_x_x_gmail-textexposedshow\">Aconteceu tamb\u00e9m, o Semin\u00e1rio de Forma\u00e7\u00e3o e Qualifica\u00e7\u00e3o em Cultura, realizado em 31 de outubro e 1 de novembro no Museu de Arte da Bahia (MAB). O Semin\u00e1rio mobilizou representantes de oito Universidades p\u00fablicas da Bahia, de sete organiza\u00e7\u00f5es sociais de diferentes territ\u00f3rios de identidade e contou com um p\u00fablico participante de cerca de 80 pessoas. A reativa\u00e7\u00e3o da Rede de Forma\u00e7\u00e3o em Cultura durante realiza\u00e7\u00e3o do Encontro de Forma\u00e7\u00e3o em Cultura, em Salvador, foi imprescind\u00edvel ao fortalecimento dos sistemas. Al\u00e9m das participa\u00e7\u00f5es perenes do Conselho Estadual de Cultura da Bahia e da ADIMCBA, como instrumentos pioneiros pela institucionaliza\u00e7\u00e3o da Cultura.<\/span><\/p>\n<p class=\"x_x_x_x_x_x_x_x_x_x_x_x_x_gmail-MsoNormal\">\n","protected":false},"excerpt":{"rendered":"<p>\u00a0 A\u00e7\u00f5es e projetos realizados de forma participativa, articulando institui\u00e7\u00f5es p\u00fablicas, privadas e sociedade civil, movimentaram o ano de 2017 da Superintend\u00eancia de Desenvolvimento Territorial da Cultura (Sudecult), da Secretaria de Cultura do Estado da Bahia (SecultBA). O balan\u00e7o anual foi avaliado de forma positiva pela superintend\u00eancia, que \u00e9 respons\u00e1vel por a\u00e7\u00f5es para o desenvolvimento [&hellip;]<\/p>\n","protected":false},"author":2,"featured_media":0,"comment_status":"open","ping_status":"open","sticky":false,"template":"","format":"standard","meta":{"_links_to":"","_links_to_target":""},"categories":[7,8,1],"tags":[],"_links":{"self":[{"href":"https:\/\/www.ilheusnoticias.net.br\/v1\/wp-json\/wp\/v2\/posts\/11636"}],"collection":[{"href":"https:\/\/www.ilheusnoticias.net.br\/v1\/wp-json\/wp\/v2\/posts"}],"about":[{"href":"https:\/\/www.ilheusnoticias.net.br\/v1\/wp-json\/wp\/v2\/types\/post"}],"author":[{"embeddable":true,"href":"https:\/\/www.ilheusnoticias.net.br\/v1\/wp-json\/wp\/v2\/users\/2"}],"replies":[{"embeddable":true,"href":"https:\/\/www.ilheusnoticias.net.br\/v1\/wp-json\/wp\/v2\/comments?post=11636"}],"version-history":[{"count":1,"href":"https:\/\/www.ilheusnoticias.net.br\/v1\/wp-json\/wp\/v2\/posts\/11636\/revisions"}],"predecessor-version":[{"id":11637,"href":"https:\/\/www.ilheusnoticias.net.br\/v1\/wp-json\/wp\/v2\/posts\/11636\/revisions\/11637"}],"wp:attachment":[{"href":"https:\/\/www.ilheusnoticias.net.br\/v1\/wp-json\/wp\/v2\/media?parent=11636"}],"wp:term":[{"taxonomy":"category","embeddable":true,"href":"https:\/\/www.ilheusnoticias.net.br\/v1\/wp-json\/wp\/v2\/categories?post=11636"},{"taxonomy":"post_tag","embeddable":true,"href":"https:\/\/www.ilheusnoticias.net.br\/v1\/wp-json\/wp\/v2\/tags?post=11636"}],"curies":[{"name":"wp","href":"https:\/\/api.w.org\/{rel}","templated":true}]}}