{"id":11634,"date":"2018-01-07T09:34:11","date_gmt":"2018-01-07T12:34:11","guid":{"rendered":"http:\/\/www.ilheusnoticias.net.br\/v1\/?p=11634"},"modified":"2018-01-07T09:34:11","modified_gmt":"2018-01-07T12:34:11","slug":"sinebahia-divulga-as-oportunidades-de-emprego-para-salvador-e-interior","status":"publish","type":"post","link":"https:\/\/www.ilheusnoticias.net.br\/v1\/2018\/01\/07\/sinebahia-divulga-as-oportunidades-de-emprego-para-salvador-e-interior\/","title":{"rendered":"SineBahia divulga as oportunidades de emprego para Salvador e interior"},"content":{"rendered":"<h2 class=\"PostHeaderIcon-wrapper\"><\/h2>\n<div class=\"PostContent\">\n<p><a class=\"gallery_colorbox cboxElement\" href=\"http:\/\/www.agravo.blog.br\/wp-content\/uploads\/2016\/01\/vaga-de-emprego.jpg\"><img loading=\"lazy\" class=\"aligncenter wp-image-45510\" src=\"http:\/\/www.agravo.blog.br\/wp-content\/uploads\/2016\/01\/vaga-de-emprego.jpg\" sizes=\"(max-width: 450px) 100vw, 450px\" srcset=\"http:\/\/www.agravo.blog.br\/wp-content\/uploads\/2016\/01\/vaga-de-emprego.jpg 550w, http:\/\/www.agravo.blog.br\/wp-content\/uploads\/2016\/01\/vaga-de-emprego-150x150.jpg 150w, http:\/\/www.agravo.blog.br\/wp-content\/uploads\/2016\/01\/vaga-de-emprego-300x300.jpg 300w\" alt=\"\" width=\"450\" height=\"448\" \/><\/a><\/p>\n<p>&nbsp;<\/p>\n<p>O SineBahia divulgou as vagas de emprego dispon\u00edveis para esta segunda-feira (8) em Salvador, Lauro de Freitas,\u00a0 Jequi\u00e9, Santo Ant\u00f4nio de Jesus, Itabuna, Senhor do Bonfim, Candeias e Juazeiro.<\/p>\n<div class=\"mc-column content-text active-extra-styles \" data-block-type=\"unstyled\" data-block-weight=\"27\" data-block-id=\"3\">\n<p class=\"content-text__container \" data-track-category=\"Link no Texto\" data-track-links=\"\">Os interessados devem se apresentar a uma unidade do \u00f3rg\u00e3o com carteira de trabalho, RG, CPF, comprovante de resid\u00eancia e certificado de escolaridade e laudo m\u00e9dico (PCD).<\/p>\n<\/div>\n<div class=\"mc-column content-text active-extra-styles \" data-block-type=\"unstyled\" data-block-weight=\"27\" data-block-id=\"4\">\n<p class=\"content-text__container \" data-track-category=\"Link no Texto\" data-track-links=\"\">O SineBahia informa que as vagas divulgadas s\u00e3o apenas algumas entre as dispon\u00edveis. Para consultar a lista completa, o trabalhador deve comparecer \u00e0 unidade do seu munic\u00edpio.<\/p>\n<\/div>\n<\/div>\n<p class=\"content-text__container \" data-track-category=\"Link no Texto\" data-track-links=\"\"><!--more--><\/p>\n<div class=\"PostContent\">\n<div class=\"mc-column content-text active-extra-styles \" data-block-type=\"unstyled\" data-block-weight=\"27\" data-block-id=\"4\">\n<p><strong><u>Vagas exclusivas para as unidades de Salvador (08\/01)<\/u><\/strong><\/p>\n<p><strong>PUBLICIT\u00c1RIO<\/strong>\u00a0(Est\u00e1gio)<\/p>\n<p>Ensino Superior incompleto em Comunica\u00e7\u00e3o, Publicidade ou MKT \u2013 A partir do 2\u00ba Sem.<\/p>\n<p>Obrigat\u00f3rio possuir boa reda\u00e7\u00e3o e habilidade com Hard User Internet, Google Adwords, Analytics e Facebook\/Linkedin Ads e Seo<\/p>\n<p>Bolsa Aux\u00edlio R$ 600,00 + benef\u00edcios<\/p>\n<p>01 VAGA<\/p>\n<p><strong>\u00a0<\/strong><\/p>\n<p><strong>SUPERVISOR DE TRANSPORTES<\/strong><\/p>\n<p>Ensino Superior completo em ADM, Cont\u00e1beis, Economia, Log\u00edstica ou \u00e1reas afins<\/p>\n<p>Experi\u00eancia m\u00ednima de 06 meses na carteira<\/p>\n<p>Sal\u00e1rio R$ 4.000,00 + benef\u00edcios<\/p>\n<p>01 VAGA<\/p>\n<p><strong>\u00a0<\/strong><\/p>\n<p><strong>SUPERVISOR DE MATERIAIS EM ALMOXARIFADO<\/strong><\/p>\n<p>Ensino Superior completo em ADM, Cont\u00e1beis, Economia, Log\u00edstica ou \u00e1reas afins<\/p>\n<p>Experi\u00eancia m\u00ednima de 06 meses na fun\u00e7\u00e3o<\/p>\n<p>Sal\u00e1rio R$ 4.000,00 + benef\u00edcios<\/p>\n<p>01 VAGA<\/p>\n<p><strong>\u00a0<\/strong><\/p>\n<p><strong>VENDEDOR DE SERVI\u00c7O<\/strong><\/p>\n<p>Ensino M\u00e9dio completo<\/p>\n<p>Experi\u00eancia m\u00ednima de 06 meses na carteira<\/p>\n<p>Obrigat\u00f3ria experi\u00eancia com vendas externas<\/p>\n<p>Sal\u00e1rio R$ 954,00+ benef\u00edcios<\/p>\n<p>13 VAGAS<\/p>\n<p>&nbsp;<\/p>\n<p><strong>PROMOTOR DE VENDAS<\/strong><\/p>\n<p>Ensino m\u00e9dio completo<\/p>\n<p>Experi\u00eancia m\u00ednima de 06 meses na carteira<\/p>\n<p>Obrigat\u00f3rio possuir CNH \u2018A\u2019 e experi\u00eancia com varejo e atacado na \u00e1rea de supermercado<\/p>\n<p>Sal\u00e1rio R$ 981,00+ benef\u00edcios<\/p>\n<p>05 VAGAS<\/p>\n<p><strong>\u00a0<\/strong><\/p>\n<p><strong>ATENDENTE DE LANCHONETE<\/strong><\/p>\n<p>Ensino M\u00e9dio completo<\/p>\n<p>Experi\u00eancia m\u00ednima de 06 meses na fun\u00e7\u00e3o<\/p>\n<p>Obrigat\u00f3rio residir na Paralela, Costa Azul, S\u00e3o Marcos, S\u00e3o Rafael, Pau Mi\u00fado, Cabula, Pituba, Doron, Marback, Narandiba ou Pernambu\u00e9s<\/p>\n<p>Sal\u00e1rio R$ 954,00 + benef\u00edcios<\/p>\n<p>07 VAGAS<\/p>\n<p>&nbsp;<\/p>\n<p><strong>GERENTE ADMINISTRATIVO E FINANCEIRO<\/strong><\/p>\n<p>Ensino Superior completo em ADM, Economia ou Ci\u00eancias Cont\u00e1beis<\/p>\n<p>Experi\u00eancia m\u00ednima de 06 meses na carteira<\/p>\n<p>Obrigat\u00f3ria experi\u00eancia em obras, possuir conhecimento em inform\u00e1tica e pacote Office, disponibilidade para trabalhar em Abrantes (escrit\u00f3rio) ou, eventualmente, em obras e fora do estado e conhecer O&amp;M (organiza\u00e7\u00e3o e m\u00e9todos)<\/p>\n<p>01 VAGA<\/p>\n<p>&nbsp;<\/p>\n<p><strong>JARDINEIRO<\/strong><\/p>\n<p>Ensino Fundamental completo<\/p>\n<p>Experi\u00eancia m\u00ednima de 06 meses na fun\u00e7\u00e3o<\/p>\n<p>Sal\u00e1rio R$ 1.189,24 + benef\u00edcios<\/p>\n<p>01 VAGA<\/p>\n<p>&nbsp;<\/p>\n<p><strong>MEC\u00c2NICO DE MANUTEN\u00c7\u00c3O DE M\u00c1QUINAS DE CONSTRU\u00c7\u00c3O CIVIL<\/strong><\/p>\n<p>Ensino M\u00e9dio incompleto<\/p>\n<p>Experi\u00eancia m\u00ednima de 06 meses na fun\u00e7\u00e3o<\/p>\n<p>Obrigat\u00f3ria experi\u00eancia em manuten\u00e7\u00e3o de motores diesel e em mec\u00e2nica geral<\/p>\n<p>Sal\u00e1rio R$ 1.643,00 + benef\u00edcios<\/p>\n<p>01 VAGA<\/p>\n<p>&nbsp;<\/p>\n<p><strong>OPERADOR DE MOINHO<\/strong>\u00a0(Processo de Moagem)<\/p>\n<p>Ensino M\u00e9dio completo<\/p>\n<p>Experi\u00eancia m\u00ednima de 06 meses na carteira<\/p>\n<p>04 VAGAS<\/p>\n<p>&nbsp;<\/p>\n<p><strong>MEC\u00c2NICO DE AUTOM\u00d3VEL<\/strong><\/p>\n<p>Ensino Fundamental completo<\/p>\n<p>Experi\u00eancia m\u00ednima de 06 meses na carteira<\/p>\n<p>Obrigat\u00f3rio possuir no\u00e7\u00f5es de alinhamento, balanceamento e inje\u00e7\u00e3o eletr\u00f4nica, el\u00e9trica e mec\u00e2nica<\/p>\n<p>02 VAGAS<\/p>\n<p>&nbsp;<\/p>\n<p><strong>PISCINEIRO<\/strong><\/p>\n<p>Ensino Fundamental completo<\/p>\n<p>Experi\u00eancia m\u00ednima de 06 meses na fun\u00e7\u00e3o<\/p>\n<p>Obrigat\u00f3ria possuir moto<\/p>\n<p>Sal\u00e1rio R$ 1.040,00 + benef\u00edcios<\/p>\n<p>02 VAGAS<\/p>\n<p>&nbsp;<\/p>\n<p><strong>COSTUREIRA DE PE\u00c7AS SOB ENCOMENDA<\/strong><\/p>\n<p>Ensino M\u00e9dio incompleto<\/p>\n<p>Experi\u00eancia m\u00ednima de 06 meses na carteira<\/p>\n<p>Obrigat\u00f3ria experi\u00eancia com reformas em vestidos de festa para loja de aluguel e ajustes de vestidos com bordados e pedrarias<\/p>\n<p>Sal\u00e1rio R$ 1.300,00 + benef\u00edcios<\/p>\n<p>02 VAGAS<\/p>\n<p>&nbsp;<\/p>\n<p><strong><u>Vagas exclusivas para Lauro de Freitas (08\/01)<\/u><\/strong><\/p>\n<p><strong>\u00a0<\/strong><\/p>\n<p><strong>AUXILIAR ADMINISTRATIVO<\/strong><\/p>\n<p>Ensino M\u00e9dio completo<\/p>\n<p>Experi\u00eancia na fun\u00e7\u00e3o com experi\u00eancia em financeiro<\/p>\n<p>Obrigat\u00f3rio possuir CNH \u2018B\u2019<\/p>\n<p>Sal\u00e1rio R$ 1.500,00<\/p>\n<p>01 VAGA<\/p>\n<p>&nbsp;<\/p>\n<p><strong>COZINHEIRO GERAL<\/strong><\/p>\n<p>Ensino M\u00e9dio completo<\/p>\n<p>Experi\u00eancia na fun\u00e7\u00e3o com comida baiana<\/p>\n<p>01 VAGA<\/p>\n<p>&nbsp;<\/p>\n<p><strong>A\u00c7OUGUEIRO<\/strong><\/p>\n<p>Ensino M\u00e9dio completo<\/p>\n<p>Experi\u00eancia na fun\u00e7\u00e3o de 06 meses na carteira<\/p>\n<p>01 VAGA<\/p>\n<p>&nbsp;<\/p>\n<p><strong>AUXILIAR DE ALMOXARIFADO<\/strong><\/p>\n<p>Ensino M\u00e9dio completo<\/p>\n<p>Experi\u00eancia m\u00ednima de 06 meses na carteira<\/p>\n<p>01 VAGA<\/p>\n<p><strong>\u00a0<\/strong><\/p>\n<p><strong>GAR\u00c7OM<\/strong><\/p>\n<p>Ensino M\u00e9dio completo<\/p>\n<p>Experi\u00eancia na fun\u00e7\u00e3o<\/p>\n<p>04 VAGAS<\/p>\n<p><strong>\u00a0<\/strong><\/p>\n<p><strong>FARMAC\u00caUTICO<\/strong><\/p>\n<p>Ensino Superior completo<\/p>\n<p>Experi\u00eancia m\u00ednima de 06 meses na fun\u00e7\u00e3o<\/p>\n<p>02 VAGAS<\/p>\n<p>&nbsp;<\/p>\n<p><strong>GERENTE FARM\u00c1CIA<\/strong><\/p>\n<p>Ensino Superior completo<\/p>\n<p>Experi\u00eancia m\u00ednima de 06 meses na fun\u00e7\u00e3o<\/p>\n<p>01 VAGA<\/p>\n<p><strong>PADEIRO\/CONFEITEIRO<\/strong><\/p>\n<p>Ensino M\u00e9dio completo<\/p>\n<p>Experi\u00eancia m\u00ednima de 06 meses na carteira<\/p>\n<p>02 VAGAS<\/p>\n<p>&nbsp;<\/p>\n<p><strong><u>Vaga exclusiva para Candeias (08\/01)<\/u><\/strong><\/p>\n<p>&nbsp;<\/p>\n<p><strong>MEC\u00c2NICO AUTOMOTIVO<\/strong><\/p>\n<p>Ensino Fundamental completo<\/p>\n<p>Obrigat\u00f3rio residir em Candeias<\/p>\n<p>Desej\u00e1vel possuir curso T\u00e9cnico em Manuten\u00e7\u00e3o Automotiva<\/p>\n<p>02 VAGAS<\/p>\n<p><strong><u>\u00a0<\/u><\/strong><\/p>\n<p><strong><u>Vagas exclusivas para Santo Ant\u00f4nio de Jesus (08\/01)<\/u><\/strong><\/p>\n<p>&nbsp;<\/p>\n<p><strong>GAR\u00c7OM<\/strong><\/p>\n<p>Ensino M\u00e9dio completo<\/p>\n<p>Experi\u00eancia na carteira<\/p>\n<p>01 VAGA<\/p>\n<p>&nbsp;<\/p>\n<p><strong>VENDEDOR INTERNO<\/strong><\/p>\n<p>Ensino M\u00e9dio completo<\/p>\n<p>Experi\u00eancia na carteira<\/p>\n<p>01 VAGA<\/p>\n<p>&nbsp;<\/p>\n<p><strong>CREDIARISTA<\/strong><\/p>\n<p>Ensino M\u00e9dio completo<\/p>\n<p>Experi\u00eancia na carteira<\/p>\n<p>01 VAGA<\/p>\n<p><strong>\u00a0<\/strong><\/p>\n<p><strong>OPERADOR DE CAIXA<\/strong><\/p>\n<p>Ensino M\u00e9dio completo<\/p>\n<p>Experi\u00eancia na carteira<\/p>\n<p>01 VAGA<\/p>\n<p><strong>\u00a0<\/strong><\/p>\n<p><strong>T\u00c9CNICO EM ENFERMAGEM<\/strong><\/p>\n<p>Ensino M\u00e9dio completo<\/p>\n<p>Experi\u00eancia na carteira<\/p>\n<p>01 VAGA<\/p>\n<p><strong>\u00a0<\/strong><\/p>\n<p><strong>OFFICE BOY<\/strong><\/p>\n<p>Ensino Fundamental incompleto<\/p>\n<p>Experi\u00eancia na carteira<\/p>\n<p>02 VAGAS<\/p>\n<p><strong>\u00a0<\/strong><\/p>\n<p><strong>MOTORISTA DE CAMINH\u00c3O<\/strong><\/p>\n<p>Ensino M\u00e9dio completo<\/p>\n<p>Experi\u00eancia na carteira<\/p>\n<p>Obrigat\u00f3rio possuir CNH \u2018E\u2019<\/p>\n<p>01 VAGA<\/p>\n<p>&nbsp;<\/p>\n<p><strong>MOTORISTA DE CAMINH\u00c3O<\/strong><\/p>\n<p>Ensino M\u00e9dio completo<\/p>\n<p>Experi\u00eancia na carteira<\/p>\n<p>Obrigat\u00f3rio possuir CNH \u2018D\u2019<\/p>\n<p>01 VAGA<\/p>\n<p>&nbsp;<\/p>\n<p><strong>VENDEDOR PRACISTA<\/strong><\/p>\n<p>Ensino M\u00e9dio incompleto<\/p>\n<p>Experi\u00eancia na carteira<\/p>\n<p>Obrigat\u00f3rio possuir CNH \u2018A\/B\u2019<\/p>\n<p>05 VAGAS<\/p>\n<p>&nbsp;<\/p>\n<p><strong>VENDEDOR INTERNO<\/strong><\/p>\n<p>Ensino M\u00e9dio incompleto<\/p>\n<p>Experi\u00eancia na carteira<\/p>\n<p>Obrigat\u00f3rio possuir CNH \u2018A\/B\u2019<\/p>\n<p>05 VAGAS<\/p>\n<p><strong>\u00a0<\/strong><\/p>\n<p><strong>PIZZAIOLLO<\/strong><\/p>\n<p>Ensino M\u00e9dio completo<\/p>\n<p>Experi\u00eancia na carteira<\/p>\n<p>02 VAGAS<\/p>\n<p><strong><u>\u00a0<\/u><\/strong><\/p>\n<p><strong><u>Vagas exclusivas para Jequi\u00e9 (08\/01)<\/u><\/strong><\/p>\n<p><strong>\u00a0<\/strong><\/p>\n<p><strong>OPERADOR DE CAIXA<\/strong>\u00a0(PCD)<\/p>\n<p>Exclusiva para Pessoa com Defici\u00eancia<\/p>\n<p>Ensino M\u00e9dio completo<\/p>\n<p>Experi\u00eancia m\u00ednima de 06 meses na fun\u00e7\u00e3o<\/p>\n<p>01 VAGA<\/p>\n<p><strong>\u00a0<\/strong><\/p>\n<p><strong>ESTOQUISTA<\/strong><\/p>\n<p>Ensino M\u00e9dio completo<\/p>\n<p>Experi\u00eancia m\u00ednima de 06 meses na fun\u00e7\u00e3o<\/p>\n<p>01 VAGA<\/p>\n<p>&nbsp;<\/p>\n<p><strong>EMPREGADA DOM\u00c9STICA<\/strong><\/p>\n<p>Ensino Fundamental completo<\/p>\n<p>Experi\u00eancia m\u00ednima de 06 meses na fun\u00e7\u00e3o<\/p>\n<p>Obrigat\u00f3rio possuir disponibilidade para dormir no trabalho<\/p>\n<p>01 VAGA<\/p>\n<p><strong>\u00a0<\/strong><\/p>\n<p><strong>VENDEDOR PRACISTA<\/strong><\/p>\n<p>Ensino M\u00e9dio completo<\/p>\n<p>Experi\u00eancia m\u00ednima de 06 meses na carteira<\/p>\n<p>02 VAGAS<\/p>\n<p>&nbsp;<\/p>\n<p><strong><u>Vagas exclusivas para Itabuna (08\/01)<\/u><\/strong><\/p>\n<p>&nbsp;<\/p>\n<p><strong>T\u00c9CNICO DE ENFERMAGEM<\/strong>\u00a0(PCD)<\/p>\n<p>Exclusiva para Pessoas com Defici\u00eancia<\/p>\n<p>N\u00e3o exige escolaridade<\/p>\n<p>N\u00e3o exige experi\u00eancia<\/p>\n<p>01 VAGA<\/p>\n<p><strong>\u00a0<\/strong><\/p>\n<p><strong>AUXILIAR DE LIMPEZA<\/strong>\u00a0(PCD)<\/p>\n<p>Exclusiva para Pessoas com Defici\u00eancia<\/p>\n<p>N\u00e3o exige escolaridade<\/p>\n<p>N\u00e3o exige experi\u00eancia<\/p>\n<p>01 VAGA<\/p>\n<p>&nbsp;<\/p>\n<p><strong>OPERADOR DE TELEMARKETING<\/strong>\u00a0(PCD)<\/p>\n<p>Exclusiva para Pessoas com Defici\u00eancia<\/p>\n<p>N\u00e3o exige escolaridade<\/p>\n<p>N\u00e3o exige experi\u00eancia<\/p>\n<p>15 VAGAS<\/p>\n<p>&nbsp;<\/p>\n<p><strong>EMPREGADA DOM\u00c9STICA<\/strong><\/p>\n<p>N\u00e3o exige escolaridade<\/p>\n<p>Experi\u00eancia m\u00ednima de 06 meses na fun\u00e7\u00e3o<\/p>\n<p>Obrigat\u00f3rio possuir disponibilidade para dormir no local de trabalho<\/p>\n<p>01 VAGA<\/p>\n<p><strong>\u00a0<\/strong><\/p>\n<p><strong>PROMOTOR DE VENDAS<\/strong><\/p>\n<p>Ensino Fundamental completo<\/p>\n<p>Experi\u00eancia m\u00ednima de 06 meses com vendas<\/p>\n<p>02 VAGAS<\/p>\n<p>&nbsp;<\/p>\n<p><strong>SUPERVISOR DE VENDAS EXTERNAS<\/strong><\/p>\n<p>Ensino M\u00e9dio completo<\/p>\n<p>Experi\u00eancia m\u00ednima de 06 meses na carteira com supervis\u00e3o<\/p>\n<p>Obrigat\u00f3rio possuir carro<\/p>\n<p>01 VAGA<\/p>\n<p>&nbsp;<\/p>\n<p><strong>CONSULTOR DE VENDAS<\/strong><\/p>\n<p>Ensino M\u00e9dio completo<\/p>\n<p>Experi\u00eancia m\u00ednima de 06 meses com vendas<\/p>\n<p>10 VAGAS<\/p>\n<p>&nbsp;<\/p>\n<p><strong>CALDEIREIRO<\/strong><\/p>\n<p>N\u00e3o exige escolaridade<\/p>\n<p>Experi\u00eancia m\u00ednima de 06 meses na carteira<\/p>\n<p>01 VAGA<\/p>\n<p><strong>MOTORISTA ENTREGADOR<\/strong><\/p>\n<p>Ensino M\u00e9dio completo<\/p>\n<p>Experi\u00eancia m\u00ednima de 06 meses na carteira<\/p>\n<p>Experi\u00eancia com entrega para ind\u00fastria no ramo de bebidas\/alimentos<\/p>\n<p>01 VAGA<\/p>\n<p><strong><u>\u00a0<\/u><\/strong><\/p>\n<p><strong><u>Vagas exclusivas para Senhor do Bonfim (08\/01)<\/u><\/strong><\/p>\n<p><strong>ATENDENTE DE LANCHONETE<\/strong><\/p>\n<p>Ensino M\u00e9dio incompleto<\/p>\n<p>Experi\u00eancia na fun\u00e7\u00e3o<\/p>\n<p>01 VAGA<\/p>\n<p><strong>\u00a0<\/strong><\/p>\n<p><strong>MONTADOR DE VE\u00cdCULOS<\/strong>\u00a0(Linha de montagem)<\/p>\n<p>Ensino M\u00e9dio completo<\/p>\n<p>Experi\u00eancia na fun\u00e7\u00e3o<\/p>\n<p>01 VAGA<\/p>\n<p><strong><u>Vagas exclusivas para Juazeiro (08\/01)<\/u><\/strong><\/p>\n<p><strong><u>\u00a0<\/u><\/strong><\/p>\n<p><strong>ASSISTENTE ADMINISTRATIVO<\/strong><\/p>\n<p>Ensino M\u00e9dio completo<\/p>\n<p>Experi\u00eancia m\u00ednima de 06 meses na fun\u00e7\u00e3o<\/p>\n<p>Obrigat\u00f3ria experi\u00eancia com material de constru\u00e7\u00e3o<\/p>\n<p>01 VAGA<\/p>\n<p><strong>\u00a0<\/strong><\/p>\n<p><strong>ATENDENTE DE FARM\u00c1CIA<\/strong><\/p>\n<p>Ensino M\u00e9dio completo<\/p>\n<p>Experi\u00eancia m\u00ednima de 06 meses na carteira<\/p>\n<p>04 VAGAS<\/p>\n<p><strong>\u00a0<\/strong><\/p>\n<p><strong>SERVI\u00c7OS GERAIS<\/strong><\/p>\n<p>Ensino M\u00e9dio completo<\/p>\n<p>Experi\u00eancia m\u00ednima de 06 meses na carteira<\/p>\n<p>Obrigat\u00f3rio possuir CNH \u2018A\/B\u2019<\/p>\n<p>01 VAGA<\/p>\n<p><strong>\u00a0<\/strong><\/p>\n<p><strong>AUXILIAR DE LOG\u00cdSTICA<\/strong><\/p>\n<p>Ensino Superior completo<\/p>\n<p>Experi\u00eancia m\u00ednima de 06 meses na carteira<\/p>\n<p>01 VAGA<\/p>\n<p><strong>\u00a0<\/strong><\/p>\n<p><strong>PROMOTOR DE VENDAS<\/strong><\/p>\n<p>Ensino M\u00e9dio completo<\/p>\n<p>Experi\u00eancia m\u00ednima de 06 meses na carteira<\/p>\n<p>02 VAGAS<\/p>\n<p><strong>\u00a0<\/strong><\/p>\n<p><strong>SOLDADOR<\/strong><\/p>\n<p>Ensino Fundamental incompleto<\/p>\n<p>Experi\u00eancia m\u00ednima de 06 meses na fun\u00e7\u00e3o<\/p>\n<p>01 VAGA<\/p>\n<p>&nbsp;<\/p>\n<p><strong>VENDEDOR PRACISTA<\/strong><\/p>\n<p>Ensino M\u00e9dio completo<\/p>\n<p>Experi\u00eancia m\u00ednima de 06 meses na carteira<\/p>\n<p>Obrigat\u00f3rio possuir CNH \u2018A\/B\u2019<\/p>\n<p>02 VAGAS<\/p>\n<p><strong>\u00a0<\/strong><\/p>\n<p><strong>BALCONISTA DE A\u00c7OUGUE<\/strong><\/p>\n<p>Ensino Fundamental completo<\/p>\n<p>Experi\u00eancia m\u00ednima de 06 meses na fun\u00e7\u00e3o<\/p>\n<p>01 VAGA<\/p>\n<p><strong>\u00a0<\/strong><\/p>\n<p><strong>DEGUSTADOR DE BEBIDAS<\/strong><\/p>\n<p>Ensino M\u00e9dio completo<\/p>\n<p>Experi\u00eancia m\u00ednima de 06 meses na carteira<\/p>\n<p>01 VAGA<\/p>\n<p><strong>\u00a0<\/strong><strong>PADEIRO<\/strong><\/p>\n<p>Ensino M\u00e9dio completo<\/p>\n<p>Experi\u00eancia m\u00ednima de 06 meses na carteira<\/p>\n<p>01 VAGA<\/p>\n<\/div>\n<\/div>\n","protected":false},"excerpt":{"rendered":"<p>&nbsp; O SineBahia divulgou as vagas de emprego dispon\u00edveis para esta segunda-feira (8) em Salvador, Lauro de Freitas,\u00a0 Jequi\u00e9, Santo Ant\u00f4nio de Jesus, Itabuna, Senhor do Bonfim, Candeias e Juazeiro. Os interessados devem se apresentar a uma unidade do \u00f3rg\u00e3o com carteira de trabalho, RG, CPF, comprovante de resid\u00eancia e certificado de escolaridade e laudo [&hellip;]<\/p>\n","protected":false},"author":2,"featured_media":0,"comment_status":"open","ping_status":"open","sticky":false,"template":"","format":"standard","meta":{"_links_to":"","_links_to_target":""},"categories":[7,9,8,1],"tags":[],"_links":{"self":[{"href":"https:\/\/www.ilheusnoticias.net.br\/v1\/wp-json\/wp\/v2\/posts\/11634"}],"collection":[{"href":"https:\/\/www.ilheusnoticias.net.br\/v1\/wp-json\/wp\/v2\/posts"}],"about":[{"href":"https:\/\/www.ilheusnoticias.net.br\/v1\/wp-json\/wp\/v2\/types\/post"}],"author":[{"embeddable":true,"href":"https:\/\/www.ilheusnoticias.net.br\/v1\/wp-json\/wp\/v2\/users\/2"}],"replies":[{"embeddable":true,"href":"https:\/\/www.ilheusnoticias.net.br\/v1\/wp-json\/wp\/v2\/comments?post=11634"}],"version-history":[{"count":1,"href":"https:\/\/www.ilheusnoticias.net.br\/v1\/wp-json\/wp\/v2\/posts\/11634\/revisions"}],"predecessor-version":[{"id":11635,"href":"https:\/\/www.ilheusnoticias.net.br\/v1\/wp-json\/wp\/v2\/posts\/11634\/revisions\/11635"}],"wp:attachment":[{"href":"https:\/\/www.ilheusnoticias.net.br\/v1\/wp-json\/wp\/v2\/media?parent=11634"}],"wp:term":[{"taxonomy":"category","embeddable":true,"href":"https:\/\/www.ilheusnoticias.net.br\/v1\/wp-json\/wp\/v2\/categories?post=11634"},{"taxonomy":"post_tag","embeddable":true,"href":"https:\/\/www.ilheusnoticias.net.br\/v1\/wp-json\/wp\/v2\/tags?post=11634"}],"curies":[{"name":"wp","href":"https:\/\/api.w.org\/{rel}","templated":true}]}}