{"id":11632,"date":"2018-01-07T09:26:31","date_gmt":"2018-01-07T12:26:31","guid":{"rendered":"http:\/\/www.ilheusnoticias.net.br\/v1\/?p=11632"},"modified":"2018-01-07T09:26:31","modified_gmt":"2018-01-07T12:26:31","slug":"comeca-amanha-segunda-feira-as-matricula-para-alunos-novatos-na-rede-municipal-de-ensino-de-ilheus","status":"publish","type":"post","link":"https:\/\/www.ilheusnoticias.net.br\/v1\/2018\/01\/07\/comeca-amanha-segunda-feira-as-matricula-para-alunos-novatos-na-rede-municipal-de-ensino-de-ilheus\/","title":{"rendered":"Come\u00e7a amanh\u00e3,  segunda-feira as matr\u00edcula para alunos  novatos na rede municipal de ensino de Ilh\u00e9us"},"content":{"rendered":"<p><img loading=\"lazy\" class=\"\" src=\"https:\/\/attachment.outlook.office.net\/owa\/laudiceacarvalho62@hotmail.com\/service.svc\/s\/GetAttachmentThumbnail?id=AQMkADAwATYwMAItY2MANTgtODQxNC0wMAItMDAKAEYAAANqOYr2uMN4Qoz6pFp%2FhFoeBwAsxvM0hWqyT6EfSeQ8%2BPgA8AAAAgEMAAAALMbzNIVqsk%2BhH0nkPPj4APAAAU%2FIr4MAAAABEgAQAN6S01adb%2FVLv2cW9NDUsh4%3D&amp;thumbnailType=2&amp;X-OWA-CANARY=ZuTm-wGi30Chr_lRD8aDzFDuEK3JVdUYxFXVV6GWCrvRiYBLC9OcAl2EO_nISXNbQD07YCEx3xQ.&amp;token=eyJ0eXAiOiJKV1QiLCJhbGciOiJSUzI1NiIsIng1dCI6ImVuaDlCSnJWUFU1aWpWMXFqWmpWLWZMMmJjbyJ9.eyJ2ZXIiOiJFeGNoYW5nZS5DYWxsYmFjay5WMSIsImFwcGN0eHNlbmRlciI6Ik93YURvd25sb2FkQDg0ZGY5ZTdmLWU5ZjYtNDBhZi1iNDM1LWFhYWFhYWFhYWFhYSIsImFwcGN0eCI6IntcIm1zZXhjaHByb3RcIjpcIm93YVwiLFwicHJpbWFyeXNpZFwiOlwiUy0xLTI4MjctMzkzMjE2LTM0MjgzNTMwNDRcIixcInB1aWRcIjpcIjE2ODg4NTMyODg2MTY5ODBcIixcIm9pZFwiOlwiMDAwNjAwMDAtY2M1OC04NDE0LTAwMDAtMDAwMDAwMDAwMDAwXCIsXCJzY29wZVwiOlwiT3dhRG93bmxvYWRcIn0iLCJpc3MiOiIwMDAwMDAwMi0wMDAwLTBmZjEtY2UwMC0wMDAwMDAwMDAwMDBAODRkZjllN2YtZTlmNi00MGFmLWI0MzUtYWFhYWFhYWFhYWFhIiwiYXVkIjoiMDAwMDAwMDItMDAwMC0wZmYxLWNlMDAtMDAwMDAwMDAwMDAwL2F0dGFjaG1lbnQub3V0bG9vay5vZmZpY2UubmV0QDg0ZGY5ZTdmLWU5ZjYtNDBhZi1iNDM1LWFhYWFhYWFhYWFhYSIsImV4cCI6MTUxNTMyODQ5MywibmJmIjoxNTE1MzI3ODkzfQ.Tyz6mvN7HgqJuBh3GdHiB6TL1c-Ga0RzLLs3a6ih1x-3YKTnrhr1K-XqcQq7zfONaQgb0JHJL4WYZjKZVId2kVmg4WQ-PFhDiE3lxu39RRnV1VpULnT6RcAL2-M39fD6c-gTqIPn55daPU-twZRO3wVJxbKvvWq3Q6TPipK3RtwOC2DWAjSffUrDMB63lQzeQ5n5hKL-D7FLBs-N275TeqOPTjSL2nQyJU71rmbm20Pd2CgGHevq5G2lFc8Q0jIiMueE5oi8I7YNnnPglc9pE2xObucz7mDMlKDkZdACB7V2VjjkSwKxqpZD0iR8k49tsFtGzelYpiD5ZBScNco_PA&amp;owa=outlook.live.com&amp;isc=1\" alt=\"\" width=\"405\" height=\"304\" \/><\/p>\n<p class=\"x_MsoNormal\" align=\"center\">\n<p class=\"x_MsoNormal\">\n<p class=\"x_MsoNormal\">Ser\u00e3o iniciadas nesta segunda-feira (8), as matriculas para novos alunos nas escolas da rede municipal de Ilh\u00e9us. Os respons\u00e1veis dever\u00e3o procurar a unidade escolar mais pr\u00f3xima da resid\u00eancia para efetuar a matr\u00edcula tendo em m\u00e3os hist\u00f3rico escolar ou atestado de escolaridade (validade de 60 dias), certid\u00e3o de nascimento, 02 fotos 3&#215;4, comprovante de resid\u00eancia, c\u00f3pia do cart\u00e3o Bolsa Familia (se for benefici\u00e1rio do programa), CPF e RG do respons\u00e1vel ou aluno maior e pasta individual do aluno.<\/p>\n<p class=\"x_MsoNormal\">A Seduc informa que para os alunos da casa, ou seja, j\u00e1 matriculados na rede, o per\u00edodo para efetiva\u00e7\u00e3o da matr\u00edcula aconteceu de 27 de novembro a 15 de dezembro. De 08 a 19 de janeiro est\u00e3o abertas as vagas para os alunos novatos, com previs\u00e3o de 8.814 vagas dispon\u00edveis para o ano letivo de 2018 em todas as modalidades de ensino<\/p>\n<p class=\"x_MsoNormal\"><!--more--><\/p>\n<p class=\"x_MsoNormal\">Atualmente o Sistema Municipal de Ensino encontra-se com 53 Unidades escolares, sendo 34 escolas na sede, 14 escolas no campo, cinco escolas conveniadas e um Centro de Refer\u00eancia \u00e0 Inclus\u00e3o Escolar (CRIE), atendendo cerca de 3.279 alunos na Educa\u00e7\u00e3o Infantil, 9.918 alunos nos Anos Iniciais, 4.058 alunos nos anos finais e 1.859 alunos na Educa\u00e7\u00e3o de Jovens e Adultos, totalizando aproximadamente 19.114 alunos matriculados no ano letivo de 2017.<\/p>\n","protected":false},"excerpt":{"rendered":"<p>Ser\u00e3o iniciadas nesta segunda-feira (8), as matriculas para novos alunos nas escolas da rede municipal de Ilh\u00e9us. Os respons\u00e1veis dever\u00e3o procurar a unidade escolar mais pr\u00f3xima da resid\u00eancia para efetuar a matr\u00edcula tendo em m\u00e3os hist\u00f3rico escolar ou atestado de escolaridade (validade de 60 dias), certid\u00e3o de nascimento, 02 fotos 3&#215;4, comprovante de resid\u00eancia, c\u00f3pia [&hellip;]<\/p>\n","protected":false},"author":2,"featured_media":0,"comment_status":"open","ping_status":"open","sticky":false,"template":"","format":"standard","meta":{"_links_to":"","_links_to_target":""},"categories":[7,9,8,1],"tags":[],"_links":{"self":[{"href":"https:\/\/www.ilheusnoticias.net.br\/v1\/wp-json\/wp\/v2\/posts\/11632"}],"collection":[{"href":"https:\/\/www.ilheusnoticias.net.br\/v1\/wp-json\/wp\/v2\/posts"}],"about":[{"href":"https:\/\/www.ilheusnoticias.net.br\/v1\/wp-json\/wp\/v2\/types\/post"}],"author":[{"embeddable":true,"href":"https:\/\/www.ilheusnoticias.net.br\/v1\/wp-json\/wp\/v2\/users\/2"}],"replies":[{"embeddable":true,"href":"https:\/\/www.ilheusnoticias.net.br\/v1\/wp-json\/wp\/v2\/comments?post=11632"}],"version-history":[{"count":1,"href":"https:\/\/www.ilheusnoticias.net.br\/v1\/wp-json\/wp\/v2\/posts\/11632\/revisions"}],"predecessor-version":[{"id":11633,"href":"https:\/\/www.ilheusnoticias.net.br\/v1\/wp-json\/wp\/v2\/posts\/11632\/revisions\/11633"}],"wp:attachment":[{"href":"https:\/\/www.ilheusnoticias.net.br\/v1\/wp-json\/wp\/v2\/media?parent=11632"}],"wp:term":[{"taxonomy":"category","embeddable":true,"href":"https:\/\/www.ilheusnoticias.net.br\/v1\/wp-json\/wp\/v2\/categories?post=11632"},{"taxonomy":"post_tag","embeddable":true,"href":"https:\/\/www.ilheusnoticias.net.br\/v1\/wp-json\/wp\/v2\/tags?post=11632"}],"curies":[{"name":"wp","href":"https:\/\/api.w.org\/{rel}","templated":true}]}}