{"id":11591,"date":"2018-01-05T14:17:39","date_gmt":"2018-01-05T17:17:39","guid":{"rendered":"http:\/\/www.ilheusnoticias.net.br\/v1\/?p=11591"},"modified":"2018-01-05T14:17:39","modified_gmt":"2018-01-05T17:17:39","slug":"estudante-da-uesc-morre-em-acidente-de-carro-em-minas-gerais","status":"publish","type":"post","link":"https:\/\/www.ilheusnoticias.net.br\/v1\/2018\/01\/05\/estudante-da-uesc-morre-em-acidente-de-carro-em-minas-gerais\/","title":{"rendered":"Estudante da Uesc morre em acidente de carro em Minas Gerais"},"content":{"rendered":"<h3><a href=\"http:\/\/www.ilheusnoticias.net.br\/v1\/wp-content\/uploads\/2018\/01\/estudante-uesc-morto.jpeg\" rel=\"attachment wp-att-11592\"><img loading=\"lazy\" class=\"aligncenter  wp-image-11592\" src=\"http:\/\/www.ilheusnoticias.net.br\/v1\/wp-content\/uploads\/2018\/01\/estudante-uesc-morto.jpeg\" alt=\"estudante uesc morto\" width=\"476\" height=\"475\" srcset=\"https:\/\/www.ilheusnoticias.net.br\/v1\/wp-content\/uploads\/2018\/01\/estudante-uesc-morto.jpeg 640w, https:\/\/www.ilheusnoticias.net.br\/v1\/wp-content\/uploads\/2018\/01\/estudante-uesc-morto-150x150.jpeg 150w, https:\/\/www.ilheusnoticias.net.br\/v1\/wp-content\/uploads\/2018\/01\/estudante-uesc-morto-300x300.jpeg 300w\" sizes=\"(max-width: 476px) 100vw, 476px\" \/><\/a><\/h3>\n<p>Um grave acidente na manh\u00e3 desta quinta-feira (4), por volta das 8h, na BR-116, em Medina (MG), no Vale do Jequitinhonha, deixou tr\u00eas v\u00edtimas fatais.<\/p>\n<p>De acordo com a Pol\u00edcia Rodovi\u00e1ria Federal, as v\u00edtimas estavam em um carro de passeio que seguia da cidade de Catuji (MG) para Vit\u00f3ria da Conquista (BA). Uma das v\u00edtimas fatais foi o estudante de medicina da Uesc, Rauel Es\u00edquio Ribeiro de S\u00e1.<\/p>\n<p><!--more--><\/p>\n<p>Segundo relatos de testemunhas, a condutora perdeu a dire\u00e7\u00e3o do ve\u00edculo em uma curva pr\u00f3ximo ao km 54, entre Medina e Pedra Azul. Momentos depois, o ve\u00edculo invadiu a contram\u00e3o de dire\u00e7\u00e3o e bateu de frente com uma carreta que seguia no sentido contr\u00e1rio.<\/p>\n<p>A condutora do ve\u00edculo, identificada como Ionete Santos Ribeiro, de 48 anos, chegou a ser socorrida pelo Samu, mas morreu momentos depois no Hospital de Itaobim; os passageiros Marina Gomes Batista, de 48 anos, e Rauel S\u00e1, morreram no local do acidente. No ve\u00edculo estava ainda uma mulher que foi socorrida com ferimentos leves.<\/p>\n<p>A pista ficou interditada por cerca de duas horas para remo\u00e7\u00e3o dos ve\u00edculos e realiza\u00e7\u00e3o da per\u00edcia. No fim da tarde desta quinta, o tr\u00e2nsito flu\u00eda normalmente no local do acidente<\/p>\n","protected":false},"excerpt":{"rendered":"<p>Um grave acidente na manh\u00e3 desta quinta-feira (4), por volta das 8h, na BR-116, em Medina (MG), no Vale do Jequitinhonha, deixou tr\u00eas v\u00edtimas fatais. De acordo com a Pol\u00edcia Rodovi\u00e1ria Federal, as v\u00edtimas estavam em um carro de passeio que seguia da cidade de Catuji (MG) para Vit\u00f3ria da Conquista (BA). Uma das v\u00edtimas [&hellip;]<\/p>\n","protected":false},"author":2,"featured_media":0,"comment_status":"open","ping_status":"open","sticky":false,"template":"","format":"standard","meta":{"_links_to":"","_links_to_target":""},"categories":[7,9,8,1],"tags":[],"_links":{"self":[{"href":"https:\/\/www.ilheusnoticias.net.br\/v1\/wp-json\/wp\/v2\/posts\/11591"}],"collection":[{"href":"https:\/\/www.ilheusnoticias.net.br\/v1\/wp-json\/wp\/v2\/posts"}],"about":[{"href":"https:\/\/www.ilheusnoticias.net.br\/v1\/wp-json\/wp\/v2\/types\/post"}],"author":[{"embeddable":true,"href":"https:\/\/www.ilheusnoticias.net.br\/v1\/wp-json\/wp\/v2\/users\/2"}],"replies":[{"embeddable":true,"href":"https:\/\/www.ilheusnoticias.net.br\/v1\/wp-json\/wp\/v2\/comments?post=11591"}],"version-history":[{"count":1,"href":"https:\/\/www.ilheusnoticias.net.br\/v1\/wp-json\/wp\/v2\/posts\/11591\/revisions"}],"predecessor-version":[{"id":11593,"href":"https:\/\/www.ilheusnoticias.net.br\/v1\/wp-json\/wp\/v2\/posts\/11591\/revisions\/11593"}],"wp:attachment":[{"href":"https:\/\/www.ilheusnoticias.net.br\/v1\/wp-json\/wp\/v2\/media?parent=11591"}],"wp:term":[{"taxonomy":"category","embeddable":true,"href":"https:\/\/www.ilheusnoticias.net.br\/v1\/wp-json\/wp\/v2\/categories?post=11591"},{"taxonomy":"post_tag","embeddable":true,"href":"https:\/\/www.ilheusnoticias.net.br\/v1\/wp-json\/wp\/v2\/tags?post=11591"}],"curies":[{"name":"wp","href":"https:\/\/api.w.org\/{rel}","templated":true}]}}