{"id":11583,"date":"2018-01-05T14:07:44","date_gmt":"2018-01-05T17:07:44","guid":{"rendered":"http:\/\/www.ilheusnoticias.net.br\/v1\/?p=11583"},"modified":"2018-01-05T14:07:44","modified_gmt":"2018-01-05T17:07:44","slug":"guarda-municipal-de-camamu-ganham-novo-fardamento","status":"publish","type":"post","link":"https:\/\/www.ilheusnoticias.net.br\/v1\/2018\/01\/05\/guarda-municipal-de-camamu-ganham-novo-fardamento\/","title":{"rendered":"Guarda Municipal de Camamu ganham novo fardamento"},"content":{"rendered":"<div class=\"_rp_m\" tabindex=\"-1\"><\/div>\n<div tabindex=\"-1\">\n<div tabindex=\"-1\">\n<div tabindex=\"0\">\n<div class=\"_rp_g5\" tabindex=\"-1\">\n<div class=\"_rp_S4 ms-border-color-neutralLight ShowConsesusSchedulingLink ShowReferenceAttachmentsLinks\" tabindex=\"-1\">\n<div><\/div>\n<div class=\"_rp_T4\">\n<div class=\"_rp_p1\">\n<div class=\"_rp_k1\">\n<div class=\"attachmentWell\">\n<div class=\"_ay_f _ay_g\">\n<div tabindex=\"0\">\n<div class=\"_ay_a2\">\n<div>\n<table border=\"0\" cellspacing=\"0\" cellpadding=\"0\">\n<tbody>\n<tr>\n<td>\n<div>\n<div class=\"_ay_D1\" tabindex=\"-1\">\n<div class=\"_ay_F1 ms-bg-color-neutralLight _ay_z1 _ay_A1 ms-bg-color-neutralLighter\" tabindex=\"-1\">\n<div class=\"_ay_H1 o365button _ay_z1 _ay_A1\" tabindex=\"0\"><img src=\"https:\/\/attachment.outlook.office.net\/owa\/laudiceacarvalho62@hotmail.com\/service.svc\/s\/GetAttachmentThumbnail?id=AQMkADAwATYwMAItY2MANTgtODQxNC0wMAItMDAKAEYAAANqOYr2uMN4Qoz6pFp%2FhFoeBwAsxvM0hWqyT6EfSeQ8%2BPgA8AAAAgEMAAAALMbzNIVqsk%2BhH0nkPPj4APAAAU1RAtkAAAABEgAQAH5%2BABN1fcydSb1sXNmwS5JA&amp;X-OWA-CANARY=2y2448F7X0CL7-QwMTICWiCM-JZeVNUYoqYFdGSanI0GnzuzohRPBkwLY4cqrnej-6uvPfG3EGA.&amp;token=eyJ0eXAiOiJKV1QiLCJhbGciOiJSUzI1NiIsIng1dCI6ImVuaDlCSnJWUFU1aWpWMXFqWmpWLWZMMmJjbyJ9.eyJ2ZXIiOiJFeGNoYW5nZS5DYWxsYmFjay5WMSIsImFwcGN0eHNlbmRlciI6Ik93YURvd25sb2FkQDg0ZGY5ZTdmLWU5ZjYtNDBhZi1iNDM1LWFhYWFhYWFhYWFhYSIsImFwcGN0eCI6IntcIm1zZXhjaHByb3RcIjpcIm93YVwiLFwicHJpbWFyeXNpZFwiOlwiUy0xLTI4MjctMzkzMjE2LTM0MjgzNTMwNDRcIixcInB1aWRcIjpcIjE2ODg4NTMyODg2MTY5ODBcIixcIm9pZFwiOlwiMDAwNjAwMDAtY2M1OC04NDE0LTAwMDAtMDAwMDAwMDAwMDAwXCIsXCJzY29wZVwiOlwiT3dhRG93bmxvYWRcIn0iLCJpc3MiOiIwMDAwMDAwMi0wMDAwLTBmZjEtY2UwMC0wMDAwMDAwMDAwMDBAODRkZjllN2YtZTlmNi00MGFmLWI0MzUtYWFhYWFhYWFhYWFhIiwiYXVkIjoiMDAwMDAwMDItMDAwMC0wZmYxLWNlMDAtMDAwMDAwMDAwMDAwL2F0dGFjaG1lbnQub3V0bG9vay5vZmZpY2UubmV0QDg0ZGY5ZTdmLWU5ZjYtNDBhZi1iNDM1LWFhYWFhYWFhYWFhYSIsImV4cCI6MTUxNTE3MjMxOCwibmJmIjoxNTE1MTcxNzE4fQ.EA4WjCxsQCdVLMUSFBDzP8lum36RW260VHpBCW5llegZA1W2W36yoyj-P01T03qu2F3Zn1IBuVd7k52pPLESSFbpgwEueflxzNeOfVxM-kYDk33Adb89cmmVBK0_UCjmyrYoUTp2WTvsnwiGtU5xn0DuEW8711dMiheivadJW2-heLKuvkTsxoJLhjEX2BwvhdKgRhd9BTvX7R6wY7GIYxry1Id025vbQhz4BB4H0cZZce5vxu1iknjrxuLUfZHvFdnF6FrOi0tNuBwbniLRnXIwgm3QkMJh_pAE0_Ep_qjphrbFHHlz4YBqBki3cIeBeqYwZGnxmHLmYdIYrz18eQ&amp;owa=outlook.live.com&amp;isc=1\" alt=\"\" \/><\/div>\n<\/div>\n<\/div>\n<\/div>\n<\/td>\n<\/tr>\n<\/tbody>\n<\/table>\n<p>&nbsp;<\/p>\n<\/div>\n<\/div>\n<\/div>\n<\/div>\n<\/div>\n<\/div>\n<\/div>\n<\/div>\n<div class=\"_rp_55\">\n<div>\n<div id=\"Item.MessagePartBody\" class=\"_rp_U4\">\n<div id=\"Item.MessageUniqueBody\" class=\"_rp_V4 ms-font-weight-regular ms-font-color-neutralDark rpHighlightAllClass rpHighlightBodyClass\">\n<div class=\"rps_972b\">\n<div>\n<div>\n<div dir=\"ltr\">\n<h4><span style=\"color: #800000;\">A prefeitura de Camamu investiu em novos fardamentos para a Guarda Municipal neste ver\u00e3o. A nova farda ajudar\u00e1 al\u00e9m da organiza\u00e7\u00e3o, na identifica\u00e7\u00e3o para os moradores e turistas.<\/span><\/h4>\n<p><img loading=\"lazy\" class=\"x_gmail-aligncenter x_gmail- x_gmail-wp-image-109427\" src=\"http:\/\/ubaitaba.com\/wp-content\/uploads\/2018\/01\/fardamento-guardas-camamu.jpg\" alt=\"\" width=\"448\" height=\"252\" data-imagetype=\"External\" \/><\/p>\n<p>A guarda municipal presta apoio nas \u00e1reas administrativas, organiza\u00e7\u00e3o do tr\u00e2nsito, orienta\u00e7\u00f5es aos turistas, e apoio na seguran\u00e7a e \u00e9 mantida pela Prefeitura de Camamu.<\/p>\n<p>\u00c9 o governo &#8220;Unidos por Nossa&#8221; Terra zelando pela organiza\u00e7\u00e3o da cidade.<\/p>\n<\/div>\n<\/div>\n<\/div>\n<\/div>\n<\/div>\n<\/div>\n<\/div>\n<\/div>\n<\/div>\n<\/div>\n<\/div>\n<\/div>\n<\/div>\n","protected":false},"excerpt":{"rendered":"<p>&nbsp; A prefeitura de Camamu investiu em novos fardamentos para a Guarda Municipal neste ver\u00e3o. A nova farda ajudar\u00e1 al\u00e9m da organiza\u00e7\u00e3o, na identifica\u00e7\u00e3o para os moradores e turistas. A guarda municipal presta apoio nas \u00e1reas administrativas, organiza\u00e7\u00e3o do tr\u00e2nsito, orienta\u00e7\u00f5es aos turistas, e apoio na seguran\u00e7a e \u00e9 mantida pela Prefeitura de Camamu. \u00c9 [&hellip;]<\/p>\n","protected":false},"author":2,"featured_media":0,"comment_status":"open","ping_status":"open","sticky":false,"template":"","format":"standard","meta":{"_links_to":"","_links_to_target":""},"categories":[7,9,8,1],"tags":[],"_links":{"self":[{"href":"https:\/\/www.ilheusnoticias.net.br\/v1\/wp-json\/wp\/v2\/posts\/11583"}],"collection":[{"href":"https:\/\/www.ilheusnoticias.net.br\/v1\/wp-json\/wp\/v2\/posts"}],"about":[{"href":"https:\/\/www.ilheusnoticias.net.br\/v1\/wp-json\/wp\/v2\/types\/post"}],"author":[{"embeddable":true,"href":"https:\/\/www.ilheusnoticias.net.br\/v1\/wp-json\/wp\/v2\/users\/2"}],"replies":[{"embeddable":true,"href":"https:\/\/www.ilheusnoticias.net.br\/v1\/wp-json\/wp\/v2\/comments?post=11583"}],"version-history":[{"count":1,"href":"https:\/\/www.ilheusnoticias.net.br\/v1\/wp-json\/wp\/v2\/posts\/11583\/revisions"}],"predecessor-version":[{"id":11584,"href":"https:\/\/www.ilheusnoticias.net.br\/v1\/wp-json\/wp\/v2\/posts\/11583\/revisions\/11584"}],"wp:attachment":[{"href":"https:\/\/www.ilheusnoticias.net.br\/v1\/wp-json\/wp\/v2\/media?parent=11583"}],"wp:term":[{"taxonomy":"category","embeddable":true,"href":"https:\/\/www.ilheusnoticias.net.br\/v1\/wp-json\/wp\/v2\/categories?post=11583"},{"taxonomy":"post_tag","embeddable":true,"href":"https:\/\/www.ilheusnoticias.net.br\/v1\/wp-json\/wp\/v2\/tags?post=11583"}],"curies":[{"name":"wp","href":"https:\/\/api.w.org\/{rel}","templated":true}]}}