{"id":11581,"date":"2018-01-05T14:02:48","date_gmt":"2018-01-05T17:02:48","guid":{"rendered":"http:\/\/www.ilheusnoticias.net.br\/v1\/?p=11581"},"modified":"2018-01-05T14:02:48","modified_gmt":"2018-01-05T17:02:48","slug":"com-agenda-cultural-diversificada-pelourinho-faz-a-alegria-de-baianos-e-turistas-no-verao","status":"publish","type":"post","link":"https:\/\/www.ilheusnoticias.net.br\/v1\/2018\/01\/05\/com-agenda-cultural-diversificada-pelourinho-faz-a-alegria-de-baianos-e-turistas-no-verao\/","title":{"rendered":"Com agenda cultural diversificada, Pelourinho  faz a alegria de baianos e turistas no ver\u00e3o"},"content":{"rendered":"<p><img src=\"https:\/\/attachment.outlook.office.net\/owa\/laudiceacarvalho62@hotmail.com\/service.svc\/s\/GetAttachmentThumbnail?id=AQMkADAwATYwMAItY2MANTgtODQxNC0wMAItMDAKAEYAAANqOYr2uMN4Qoz6pFp%2FhFoeBwAsxvM0hWqyT6EfSeQ8%2BPgA8AAAAgEMAAAALMbzNIVqsk%2BhH0nkPPj4APAAAU%2BF%2BFkAAAABEgAQAF9XI%2FvVQktErFeKFTqhBQM%3D&amp;thumbnailType=2&amp;X-OWA-CANARY=I0bIqokeaUiB8bjmKS2fMzCbrO9dVNUY_y-INU9FCukVUdYsNg1N03cWgBSZk3hnDrmY76ahqZk.&amp;token=eyJ0eXAiOiJKV1QiLCJhbGciOiJSUzI1NiIsIng1dCI6ImVuaDlCSnJWUFU1aWpWMXFqWmpWLWZMMmJjbyJ9.eyJ2ZXIiOiJFeGNoYW5nZS5DYWxsYmFjay5WMSIsImFwcGN0eHNlbmRlciI6Ik93YURvd25sb2FkQDg0ZGY5ZTdmLWU5ZjYtNDBhZi1iNDM1LWFhYWFhYWFhYWFhYSIsImFwcGN0eCI6IntcIm1zZXhjaHByb3RcIjpcIm93YVwiLFwicHJpbWFyeXNpZFwiOlwiUy0xLTI4MjctMzkzMjE2LTM0MjgzNTMwNDRcIixcInB1aWRcIjpcIjE2ODg4NTMyODg2MTY5ODBcIixcIm9pZFwiOlwiMDAwNjAwMDAtY2M1OC04NDE0LTAwMDAtMDAwMDAwMDAwMDAwXCIsXCJzY29wZVwiOlwiT3dhRG93bmxvYWRcIn0iLCJpc3MiOiIwMDAwMDAwMi0wMDAwLTBmZjEtY2UwMC0wMDAwMDAwMDAwMDBAODRkZjllN2YtZTlmNi00MGFmLWI0MzUtYWFhYWFhYWFhYWFhIiwiYXVkIjoiMDAwMDAwMDItMDAwMC0wZmYxLWNlMDAtMDAwMDAwMDAwMDAwL2F0dGFjaG1lbnQub3V0bG9vay5vZmZpY2UubmV0QDg0ZGY5ZTdmLWU5ZjYtNDBhZi1iNDM1LWFhYWFhYWFhYWFhYSIsImV4cCI6MTUxNTE3MjAyMCwibmJmIjoxNTE1MTcxNDIwfQ.R69uKMrfhhxL5-N-y6cjzwOQRWruGIduzsmfuJD_7skoXvIjFWOJ7m9oxp7YUzfLLLa1rJQykDEWLhv4m-3ylqaGWdX5HHDpZX2l64HT8_sdNHfgHVHgHBz8-_068G66xBJxhTGKNx1hPORVaM5-TELKgzqcg_M8B5wbR0fTE2fR3K54LqMNN4y97y1qyzaxqYmqC-5LcPPio0KX3IDstUu5lpUVz5eVQIbGMP0iV_cdHSY4xabebqlGBO2Rgt9-_00FjC0zTgJLifybfZAyAfukC0T5pl4X65J4YAXP6qClXXa5u1vvRs_51kqqCNO_l10Nm3wAU57NJQEFF8F-2g&amp;owa=outlook.live.com&amp;isc=1\" alt=\"\" \/><\/p>\n<div><\/div>\n<div id=\"x_Signature\">\n<div id=\"x_divtagdefaultwrapper\">\n<div><span class=\"x_Apple-style-span\"><span class=\"x_Apple-style-span\"><span class=\"x_Apple-style-span\" style=\"font-family: Times;\"><br \/>\n<\/span><\/span><\/span><\/p>\n<p class=\"x_MsoNormal\">A agenda cultural no Pelourinho em 2018 promove uma programa\u00e7\u00e3o diversificada para os milhares de baianos e turistas que frequentam as ruas do Centro Hist\u00f3rico de Salvador neste ver\u00e3o. J\u00e1 na primeira semana do ano, atra\u00e7\u00f5es como Cortejo Afro,\u00a0 Ger\u00f4nimo, Muzenza e Il\u00ea Aiy\u00ea iniciaram seus ensaios da esta\u00e7\u00e3o, lotando os\u00a0largos Pedro Archanjo, Tereza Batista e Quincas Berro D\u2019\u00c1gua, que foram recentemente requalificados pelo Governo do Estado para receber melhor o p\u00fablico, com mais seguran\u00e7a e conforto.<\/p>\n<\/div>\n<\/div>\n<\/div>\n<p class=\"x_MsoNormal\">\n<p class=\"x_MsoNormal\"><!--more--><\/p>\n<div id=\"x_Signature\">\n<div id=\"x_divtagdefaultwrapper\">\n<div>\n<p class=\"x_MsoNormal\">\nA programa\u00e7\u00e3o dos largos do Pelourinho tem apoio da Secretaria de Cultura (Secult), por meio do Centro de Culturas Populares e Identit\u00e1rias (CCPI) e o Instituto do Patrim\u00f4nio Art\u00edstico e Cultural (Ipac), via cess\u00e3o gratuita de pauta. &#8220;Para este ver\u00e3o, o p\u00fablico pode esperar uma programa\u00e7\u00e3o muito rica, para todos os gostos. Vai ter samba, a batida dos blocos afro e marchinhas de antigos Carnavais. Tudo isso dentro desses novos espa\u00e7os, com um novo astral&#8221;, afirma a coordenadora de Programa\u00e7\u00e3o Art\u00edstica do Secult, Thelma Chase.<\/p>\n<p class=\"x_MsoNormal\">Na quinta-feira (4), a festa ficou por conta do grupo Patrulha do Samba,\u00a0 no Largo Quincas Berro D\u2019\u00c1gua. O turista de Minas Gerais, Paulo Muniz, est\u00e1 curtindo o ver\u00e3o na capital baiana e n\u00e3o perde um dia de atra\u00e7\u00f5es no Pelourinho. &#8220;Desde a \u00faltima segunda-feira, eu tenho vindo todos os dias. S\u00e3o artistas muito diversos, para todos os gostos. Hoje, estou aqui, curtindo essa samba gostoso. O Pelourinho est\u00e1 lindo, bem cuidado e seguro. O p\u00fablico pode curtir sem medo de ser feliz. \u00c9 um lugar bonito e hist\u00f3rico. Para quem vem de outras cidades e at\u00e9 de outros pa\u00edses, \u00e9, sem d\u00favida, uma parte especial da Bahia e do Brasil&#8221;.<\/p>\n<p class=\"x_MsoNormal\">Os largos do Pelourinho foram fechados em junho deste ano para a execu\u00e7\u00e3o de obras de requalifica\u00e7\u00e3o. O investimento de R$ 260 mil do Governo do Estado deu aos espa\u00e7os mais beleza, com a recupera\u00e7\u00e3o de estruturas e novos pisos e palcos. Outras melhorias, como a pintura dos casar\u00f5es, tamb\u00e9m foram realizadas pela Secult, por meio do Ipac, \u00f3rg\u00e3o respons\u00e1vel pela manuten\u00e7\u00e3o dos espa\u00e7os.<\/p>\n<p class=\"x_MsoNormal\"><b>Programa\u00e7\u00e3o desta semana<\/b><\/p>\n<p class=\"x_MsoNormal\">Neta sexta (5), o Largo Tereza Batista recebe, \u00e0s 20h, o bloco afro Il\u00ea Aiy\u00ea. O \u2018mais belo dos belos\u2019 traz a sua Band\u2019Aiy\u00ea e convidados para uma noite de celebra\u00e7\u00e3o \u00e0 musicalidade negra, com ingressos R$ 40 e R$ 20. No Largo Quincas Berro D\u2019\u00c1gua, no mesmo hor\u00e1rio, tem mais uma edi\u00e7\u00e3o do SamPel\u00f4 Prime, projeto da banda de samba Viola de Doze (ingressos R$ 20 e R$ 10).\u00a0No Largo Pedro Archanjo, tamb\u00e9m \u00e0s 20h, o cantor John Robert lan\u00e7a seu DVD em um show com participa\u00e7\u00f5es de Ninha, Verlando, Z\u00e9 Hon\u00f3rio e Fred Menendez. O evento \u00e9 gratuito.<\/p>\n<p class=\"x_MsoNormal\">\nNo s\u00e1bado (6) tem programa\u00e7\u00e3o mais cedo, para a crian\u00e7ada e toda a fam\u00edlia, com o Ensaio do Bloco Infantil AbraKdabra, \u00e0s 15h, no Largo Pedro Archanjo. A atra\u00e7\u00e3o principal do evento \u00e9 a banda Tour Girls (ingressos R$ 10) No mesmo largo, \u00e0s 20h, o festival Samba Sertanejo promove os shows de Larissa Carvalho, Tribal do Zorra, Me Escuta, com ingressos a R$ 20 e R$ 10.<\/p>\n<p>Ainda no s\u00e1bado, o Largo Quincas Berro D\u2019\u00c1gua, a partir das 17h, vai ser tomado por marchinhas de Carnaval, confetes, serpentinas e muita alegria, com o show da banda Bailinho de Quinta. O evento ainda vai contar com discotecagem do DJ Telefunksoul (ingressos R$ 40 e R$ 20). No Largo Tereza Batista, \u00e0s 20h, Os Neg\u00f5es realizam a escolha do Negro Lindo, que vai representar o bloco afro na folia. A entrad<\/p>\n<\/div>\n<\/div>\n<\/div>\n","protected":false},"excerpt":{"rendered":"<p>A agenda cultural no Pelourinho em 2018 promove uma programa\u00e7\u00e3o diversificada para os milhares de baianos e turistas que frequentam as ruas do Centro Hist\u00f3rico de Salvador neste ver\u00e3o. J\u00e1 na primeira semana do ano, atra\u00e7\u00f5es como Cortejo Afro,\u00a0 Ger\u00f4nimo, Muzenza e Il\u00ea Aiy\u00ea iniciaram seus ensaios da esta\u00e7\u00e3o, lotando os\u00a0largos Pedro Archanjo, Tereza Batista [&hellip;]<\/p>\n","protected":false},"author":2,"featured_media":0,"comment_status":"open","ping_status":"open","sticky":false,"template":"","format":"standard","meta":{"_links_to":"","_links_to_target":""},"categories":[7,9,8,1],"tags":[],"_links":{"self":[{"href":"https:\/\/www.ilheusnoticias.net.br\/v1\/wp-json\/wp\/v2\/posts\/11581"}],"collection":[{"href":"https:\/\/www.ilheusnoticias.net.br\/v1\/wp-json\/wp\/v2\/posts"}],"about":[{"href":"https:\/\/www.ilheusnoticias.net.br\/v1\/wp-json\/wp\/v2\/types\/post"}],"author":[{"embeddable":true,"href":"https:\/\/www.ilheusnoticias.net.br\/v1\/wp-json\/wp\/v2\/users\/2"}],"replies":[{"embeddable":true,"href":"https:\/\/www.ilheusnoticias.net.br\/v1\/wp-json\/wp\/v2\/comments?post=11581"}],"version-history":[{"count":1,"href":"https:\/\/www.ilheusnoticias.net.br\/v1\/wp-json\/wp\/v2\/posts\/11581\/revisions"}],"predecessor-version":[{"id":11582,"href":"https:\/\/www.ilheusnoticias.net.br\/v1\/wp-json\/wp\/v2\/posts\/11581\/revisions\/11582"}],"wp:attachment":[{"href":"https:\/\/www.ilheusnoticias.net.br\/v1\/wp-json\/wp\/v2\/media?parent=11581"}],"wp:term":[{"taxonomy":"category","embeddable":true,"href":"https:\/\/www.ilheusnoticias.net.br\/v1\/wp-json\/wp\/v2\/categories?post=11581"},{"taxonomy":"post_tag","embeddable":true,"href":"https:\/\/www.ilheusnoticias.net.br\/v1\/wp-json\/wp\/v2\/tags?post=11581"}],"curies":[{"name":"wp","href":"https:\/\/api.w.org\/{rel}","templated":true}]}}