{"id":11579,"date":"2018-01-05T13:59:21","date_gmt":"2018-01-05T16:59:21","guid":{"rendered":"http:\/\/www.ilheusnoticias.net.br\/v1\/?p=11579"},"modified":"2018-01-05T13:59:21","modified_gmt":"2018-01-05T16:59:21","slug":"23-mil-turistas-chegarao-a-ilheus-este-mes-pelo-porto-de-malhado","status":"publish","type":"post","link":"https:\/\/www.ilheusnoticias.net.br\/v1\/2018\/01\/05\/23-mil-turistas-chegarao-a-ilheus-este-mes-pelo-porto-de-malhado\/","title":{"rendered":"23 mil turistas chegar\u00e3o a Ilh\u00e9us,  este m\u00eas, pelo Porto de Malhado"},"content":{"rendered":"<p><img loading=\"lazy\" class=\"\" src=\"https:\/\/attachment.outlook.office.net\/owa\/laudiceacarvalho62@hotmail.com\/service.svc\/s\/GetAttachmentThumbnail?id=AQMkADAwATYwMAItY2MANTgtODQxNC0wMAItMDAKAEYAAANqOYr2uMN4Qoz6pFp%2FhFoeBwAsxvM0hWqyT6EfSeQ8%2BPgA8AAAAgEMAAAALMbzNIVqsk%2BhH0nkPPj4APAAAU%2BF%2BHIAAAABEgAQALBaHka34DtJtrr%2Bn5Ywb80%3D&amp;thumbnailType=2&amp;X-OWA-CANARY=wLx2g4v4G0yhD3lhoR1oW_A59WVdVNUYFiVekRwfatV95AlFsrCDRfoY5gHh2kuqh1NsTEYRnPM.&amp;token=eyJ0eXAiOiJKV1QiLCJhbGciOiJSUzI1NiIsIng1dCI6ImVuaDlCSnJWUFU1aWpWMXFqWmpWLWZMMmJjbyJ9.eyJ2ZXIiOiJFeGNoYW5nZS5DYWxsYmFjay5WMSIsImFwcGN0eHNlbmRlciI6Ik93YURvd25sb2FkQDg0ZGY5ZTdmLWU5ZjYtNDBhZi1iNDM1LWFhYWFhYWFhYWFhYSIsImFwcGN0eCI6IntcIm1zZXhjaHByb3RcIjpcIm93YVwiLFwicHJpbWFyeXNpZFwiOlwiUy0xLTI4MjctMzkzMjE2LTM0MjgzNTMwNDRcIixcInB1aWRcIjpcIjE2ODg4NTMyODg2MTY5ODBcIixcIm9pZFwiOlwiMDAwNjAwMDAtY2M1OC04NDE0LTAwMDAtMDAwMDAwMDAwMDAwXCIsXCJzY29wZVwiOlwiT3dhRG93bmxvYWRcIn0iLCJpc3MiOiIwMDAwMDAwMi0wMDAwLTBmZjEtY2UwMC0wMDAwMDAwMDAwMDBAODRkZjllN2YtZTlmNi00MGFmLWI0MzUtYWFhYWFhYWFhYWFhIiwiYXVkIjoiMDAwMDAwMDItMDAwMC0wZmYxLWNlMDAtMDAwMDAwMDAwMDAwL2F0dGFjaG1lbnQub3V0bG9vay5vZmZpY2UubmV0QDg0ZGY5ZTdmLWU5ZjYtNDBhZi1iNDM1LWFhYWFhYWFhYWFhYSIsImV4cCI6MTUxNTE3MjAyMCwibmJmIjoxNTE1MTcxNDIwfQ.R69uKMrfhhxL5-N-y6cjzwOQRWruGIduzsmfuJD_7skoXvIjFWOJ7m9oxp7YUzfLLLa1rJQykDEWLhv4m-3ylqaGWdX5HHDpZX2l64HT8_sdNHfgHVHgHBz8-_068G66xBJxhTGKNx1hPORVaM5-TELKgzqcg_M8B5wbR0fTE2fR3K54LqMNN4y97y1qyzaxqYmqC-5LcPPio0KX3IDstUu5lpUVz5eVQIbGMP0iV_cdHSY4xabebqlGBO2Rgt9-_00FjC0zTgJLifybfZAyAfukC0T5pl4X65J4YAXP6qClXXa5u1vvRs_51kqqCNO_l10Nm3wAU57NJQEFF8F-2g&amp;owa=outlook.live.com&amp;isc=1\" alt=\"\" width=\"421\" height=\"237\" \/><\/p>\n<p class=\"x_gmail-MsoNormal\" align=\"center\">\n<p class=\"x_gmail-MsoNormal\">\n<p class=\"x_gmail-MsoNormal\">Durante este m\u00eas, v\u00e3o atracar no Porto de Malhado, em Ilh\u00e9us, seis transatl\u00e2nticos trazendo 23,4 mil passageiros para conhecer ou rever a terra de Jorge Amado. A primeira atraca\u00e7\u00e3o ocorreu ontem (4), com a chegada do MSC M\u00fasica, que retorna no dia 18. Nos dias 10 e 17, ser\u00e1 a vez do MSC Preziosa, que volta \u00e0 cidade nos dias 24 e 31.<\/p>\n<p class=\"x_gmail-MsoNormal\">Os segmentos envolvidos nesta atividade econ\u00f4mica em Ilh\u00e9us destacam a oportunidade do aquecimento no setor do com\u00e9rcio varejista por conta da presen\u00e7a de visitantes vindos de diferentes partes do Brasil e do mundo. Estima-se que a cada parada no Porto de Malhado, cada visitante deixe, em m\u00e9dia, na economia da cidade, o equivalente a 100 d\u00f3lares.<\/p>\n<p class=\"x_gmail-MsoNormal\"><!--more--><\/p>\n<p class=\"x_gmail-MsoNormal\">Na opini\u00e3o do secret\u00e1rio de Turismo, Roberto Lob\u00e3o, a temporada de transatl\u00e2nticos serve como engrenagem para aquecer a economia do setor tur\u00edstico de Ilh\u00e9us nesta \u00e9poca do ano. A seu ver, o turista se alimenta em bares e em restaurantes, compra souvenir, chocolates e vestu\u00e1rios e, al\u00e9m de visitar cabanas de praias e fazendas de cacau, ajuda a impulsar outros setores da economia do munic\u00edpio.<\/p>\n<p class=\"x_gmail-MsoNormal\">A temporada de paradas de transatl\u00e2nticos em Ilh\u00e9us prossegue no dia 1\u00ba de fevereiro com o navio MSC M\u00fasica; dia 7, o MSC Preziosa, e ainda a confirmar, o navio Balmoral. Ainda, no dia 14, o navio MSC Preziosa e, provavelmente, o The World; dia 15, o MSC M\u00fasica; dia 16, o Veendam; e nos dias 21 e 28, o MSC Preziosa, que retorna no dia 7 de mar\u00e7o. A chegada dos cruzeiros mar\u00edtimos vai at\u00e9 o dia 7 de mar\u00e7o deste ano e prev\u00ea a visita de cerca de 70 mil turistas.<\/p>\n<p class=\"x_gmail-xgmail-msonospacing\">\n","protected":false},"excerpt":{"rendered":"<p>Durante este m\u00eas, v\u00e3o atracar no Porto de Malhado, em Ilh\u00e9us, seis transatl\u00e2nticos trazendo 23,4 mil passageiros para conhecer ou rever a terra de Jorge Amado. A primeira atraca\u00e7\u00e3o ocorreu ontem (4), com a chegada do MSC M\u00fasica, que retorna no dia 18. Nos dias 10 e 17, ser\u00e1 a vez do MSC Preziosa, que [&hellip;]<\/p>\n","protected":false},"author":2,"featured_media":0,"comment_status":"open","ping_status":"open","sticky":false,"template":"","format":"standard","meta":{"_links_to":"","_links_to_target":""},"categories":[7,9,8,1],"tags":[],"_links":{"self":[{"href":"https:\/\/www.ilheusnoticias.net.br\/v1\/wp-json\/wp\/v2\/posts\/11579"}],"collection":[{"href":"https:\/\/www.ilheusnoticias.net.br\/v1\/wp-json\/wp\/v2\/posts"}],"about":[{"href":"https:\/\/www.ilheusnoticias.net.br\/v1\/wp-json\/wp\/v2\/types\/post"}],"author":[{"embeddable":true,"href":"https:\/\/www.ilheusnoticias.net.br\/v1\/wp-json\/wp\/v2\/users\/2"}],"replies":[{"embeddable":true,"href":"https:\/\/www.ilheusnoticias.net.br\/v1\/wp-json\/wp\/v2\/comments?post=11579"}],"version-history":[{"count":1,"href":"https:\/\/www.ilheusnoticias.net.br\/v1\/wp-json\/wp\/v2\/posts\/11579\/revisions"}],"predecessor-version":[{"id":11580,"href":"https:\/\/www.ilheusnoticias.net.br\/v1\/wp-json\/wp\/v2\/posts\/11579\/revisions\/11580"}],"wp:attachment":[{"href":"https:\/\/www.ilheusnoticias.net.br\/v1\/wp-json\/wp\/v2\/media?parent=11579"}],"wp:term":[{"taxonomy":"category","embeddable":true,"href":"https:\/\/www.ilheusnoticias.net.br\/v1\/wp-json\/wp\/v2\/categories?post=11579"},{"taxonomy":"post_tag","embeddable":true,"href":"https:\/\/www.ilheusnoticias.net.br\/v1\/wp-json\/wp\/v2\/tags?post=11579"}],"curies":[{"name":"wp","href":"https:\/\/api.w.org\/{rel}","templated":true}]}}