{"id":11571,"date":"2018-01-04T10:53:35","date_gmt":"2018-01-04T13:53:35","guid":{"rendered":"http:\/\/www.ilheusnoticias.net.br\/v1\/?p=11571"},"modified":"2018-01-04T10:53:35","modified_gmt":"2018-01-04T13:53:35","slug":"rui-entrega-reforma-do-terminal-de-onibus-da-rodoviaria-de-salvador","status":"publish","type":"post","link":"https:\/\/www.ilheusnoticias.net.br\/v1\/2018\/01\/04\/rui-entrega-reforma-do-terminal-de-onibus-da-rodoviaria-de-salvador\/","title":{"rendered":"Rui entrega reforma do terminal de \u00f4nibus da Rodovi\u00e1ria de Salvador"},"content":{"rendered":"<p><a href=\"http:\/\/www.ilheusnoticias.net.br\/v1\/wp-content\/uploads\/2018\/01\/ManuDiasGOVBA5.jpeg\"><img loading=\"lazy\" width=\"500\" height=\"333\" alt=\"\" src=\"http:\/\/www.ilheusnoticias.net.br\/v1\/wp-content\/uploads\/2018\/01\/ManuDiasGOVBA5.jpeg\" title=\"\" class=\"aligncenter size-full wp-image-11570\" srcset=\"https:\/\/www.ilheusnoticias.net.br\/v1\/wp-content\/uploads\/2018\/01\/ManuDiasGOVBA5.jpeg 1280w, https:\/\/www.ilheusnoticias.net.br\/v1\/wp-content\/uploads\/2018\/01\/ManuDiasGOVBA5-300x200.jpeg 300w, https:\/\/www.ilheusnoticias.net.br\/v1\/wp-content\/uploads\/2018\/01\/ManuDiasGOVBA5-1024x682.jpeg 1024w\" sizes=\"(max-width: 500px) 100vw, 500px\" \/><\/a><\/p>\n<p class=\"MsoNormal\" style=\"color: rgb(0, 0, 0); font-family: Times; background-color: rgb(255, 255, 255);\">O governador Rui Costa entregou na manh\u00e3 desta quinta-feira (4), o novo Terminal de Integra\u00e7\u00e3o Rodovi\u00e1ria, completamente reformado e readequado para dar mais conforto, seguran\u00e7a e acessibilidade ao local, que recebe 33,5 mil passageiros,&nbsp;por dia \u00fatil, e 66 linhas de \u00f4nibus urbanas e cinco metropolitanas. Rui tamb\u00e9m entregou, simbolicamente, o Sistema Vi\u00e1rio Trecho Pernambu\u00e9s\/Detran, por onde circulam os \u00f4nibus urbanos.<\/p>\n<p class=\"MsoNormal\" style=\"color: rgb(0, 0, 0); font-family: Times; background-color: rgb(255, 255, 255);\">O novo terminal, parte integrante da Linha 2 do Sistema Metrovi\u00e1rio de Salvador e Lauro de Freitas, agora conta com guaritas de entrada e sa\u00edda, posto policial, sala de primeiros socorros, escada rolante, sanit\u00e1rios comuns e exclusivospara pessoas com defici\u00eancia (PCD) e elevador na passarela de acesso, deixando o local mais acess\u00edvel.<\/p>\n<p class=\"MsoNormal\" style=\"color: rgb(0, 0, 0); font-family: Times; background-color: rgb(255, 255, 255);\">A nova cobertura do terminal entregue propicia maior \u00e1rea de prote\u00e7\u00e3o contra o sol e a chuva. O piso de concreto foi substitu\u00eddo por granito, com piso podo-t\u00e1til. Para aumentar a seguran\u00e7a do usu\u00e1rios e funcion\u00e1rios, foram instaladas 26&nbsp;c\u00e2meras de alta resolu\u00e7\u00e3o e, nos ambientes internos, c\u00e2meras do tipo mini dome. Nos demais ambientes est\u00e3o instaladas c\u00e2meras fixas do tipo Box.<\/p>\n<p class=\"MsoNormal\" style=\"color: rgb(0, 0, 0); font-family: Times; background-color: rgb(255, 255, 255);\">\u201cEstamos entrando na reta final dessa etapa do sistema do metr\u00f4, hoje entregando o terminal da rodovi\u00e1ria. Aqui tem um investimento de R$ 7 milh\u00f5es para que d\u00ea mais conforto e seguran\u00e7a para a popula\u00e7\u00e3o, que vai se integrar ao metr\u00f4, tendo&nbsp;acesso a elevador, escada rolante, sanit\u00e1rios, enfim, toda uma infraestrutura adequada para esse novo sistema de transporte. Tamb\u00e9m entregamos, simbolicamente, o sistema vi\u00e1rio do entorno da rodovi\u00e1ria, onde foi investido, nas vias urbanas, R$ 25 milh\u00f5es,&nbsp;\u201cpara compatibilizar o tr\u00e1fego e as ruas do entorno da rodovi\u00e1ria e do Iguatemi, facilitando o acesso da popula\u00e7\u00e3o\u201d, afirmou Rui.<\/p>\n<p class=\"MsoNormal\" style=\"color: rgb(0, 0, 0); font-family: Times; background-color: rgb(255, 255, 255);\">Na ocasi\u00e3o, o governador anunciou que, praticamente toda semana ser\u00e1 feita a entrega ou de uma passarela ou de um terminal, concluindo com a entrega do terminal do aeroporto e tamb\u00e9m da esta\u00e7\u00e3o do metr\u00f4 do aeroporto, no m\u00eas de mar\u00e7o, j\u00e1&nbsp;que \u00e9 anivers\u00e1rio da cidade. Vamos entregar esse grande presente para a Regi\u00e3o Metropolitana de Salvador [RMS]. que \u00e9 o sistema completo\u201d. Rui ainda informou que, at\u00e9 o final janeiro, estar\u00e1 licitando o \u201ctramo tr\u00eas, que \u00e9 a \u00faltima etapa, para iniciar tamb\u00e9m&nbsp;as obras da nova rodovi\u00e1ria, que passar\u00e1 pela regi\u00e3o de \u00c1guas Claras e Cajazeiras\u201d.<\/p>\n","protected":false},"excerpt":{"rendered":"<p>O governador Rui Costa entregou na manh\u00e3 desta quinta-feira (4), o novo Terminal de Integra\u00e7\u00e3o Rodovi\u00e1ria, completamente reformado e readequado para dar mais conforto, seguran\u00e7a e acessibilidade ao local, que recebe 33,5 mil passageiros,&nbsp;por dia \u00fatil, e 66 linhas de \u00f4nibus urbanas e cinco metropolitanas. Rui tamb\u00e9m entregou, simbolicamente, o Sistema Vi\u00e1rio Trecho Pernambu\u00e9s\/Detran, por [&hellip;]<\/p>\n","protected":false},"author":2,"featured_media":0,"comment_status":"open","ping_status":"open","sticky":false,"template":"","format":"standard","meta":{"_links_to":"","_links_to_target":""},"categories":[1],"tags":[],"_links":{"self":[{"href":"https:\/\/www.ilheusnoticias.net.br\/v1\/wp-json\/wp\/v2\/posts\/11571"}],"collection":[{"href":"https:\/\/www.ilheusnoticias.net.br\/v1\/wp-json\/wp\/v2\/posts"}],"about":[{"href":"https:\/\/www.ilheusnoticias.net.br\/v1\/wp-json\/wp\/v2\/types\/post"}],"author":[{"embeddable":true,"href":"https:\/\/www.ilheusnoticias.net.br\/v1\/wp-json\/wp\/v2\/users\/2"}],"replies":[{"embeddable":true,"href":"https:\/\/www.ilheusnoticias.net.br\/v1\/wp-json\/wp\/v2\/comments?post=11571"}],"version-history":[{"count":1,"href":"https:\/\/www.ilheusnoticias.net.br\/v1\/wp-json\/wp\/v2\/posts\/11571\/revisions"}],"predecessor-version":[{"id":11572,"href":"https:\/\/www.ilheusnoticias.net.br\/v1\/wp-json\/wp\/v2\/posts\/11571\/revisions\/11572"}],"wp:attachment":[{"href":"https:\/\/www.ilheusnoticias.net.br\/v1\/wp-json\/wp\/v2\/media?parent=11571"}],"wp:term":[{"taxonomy":"category","embeddable":true,"href":"https:\/\/www.ilheusnoticias.net.br\/v1\/wp-json\/wp\/v2\/categories?post=11571"},{"taxonomy":"post_tag","embeddable":true,"href":"https:\/\/www.ilheusnoticias.net.br\/v1\/wp-json\/wp\/v2\/tags?post=11571"}],"curies":[{"name":"wp","href":"https:\/\/api.w.org\/{rel}","templated":true}]}}