{"id":11556,"date":"2018-01-03T14:26:46","date_gmt":"2018-01-03T17:26:46","guid":{"rendered":"http:\/\/www.ilheusnoticias.net.br\/v1\/?p=11556"},"modified":"2018-01-03T14:26:46","modified_gmt":"2018-01-03T17:26:46","slug":"corpo-de-mergulhador-e-achado-tres-dias-apos-desaparecer-durante-caca-submarina-na-bahia","status":"publish","type":"post","link":"https:\/\/www.ilheusnoticias.net.br\/v1\/2018\/01\/03\/corpo-de-mergulhador-e-achado-tres-dias-apos-desaparecer-durante-caca-submarina-na-bahia\/","title":{"rendered":"Corpo de mergulhador \u00e9 achado tr\u00eas dias ap\u00f3s desaparecer durante ca\u00e7a submarina na Bahia"},"content":{"rendered":"<div class=\"row content-head\"><\/div>\n<div class=\"row content-share-bar\">\n<div class=\"column medium-centered medium-22 large-20 content-share-bar__container\">\n<div id=\"share-bar\" class=\"share-bar share-bar-container share-theme-minimal share-bar-container share-theme-minimal\" data-url=\"https:\/\/g1.globo.com\/ba\/bahia\/noticia\/corpo-de-mergulhador-e-achado-tres-dias-apos-desaparecer-durante-caca-submarina-na-bahia.ghtml\" data-title=\"Corpo de mergulhador \u00e9 achado tr\u00eas dias ap\u00f3s desaparecer durante ca\u00e7a submarina na Bahia\" data-image-url=\"https:\/\/s2.glbimg.com\/OQi5vPjzfVwZocflIM_UU37Zj0o=\/1200x\/smart\/filters:cover():strip_icc()\/i.s3.glbimg.com\/v1\/AUTH_59edd422c0c84a879bd37670ae4f538a\/internal_photos\/bs\/2017\/K\/p\/LIob8sQeqYL3mZujXnHA\/artur2.jpg\"><\/div>\n<\/div>\n<\/div>\n<div class=\"mc-article-body\">\n<article>\n<div class=\"mc-column content-media content-media--normal  content-photo\" data-block-type=\"backstage-photo\" data-block-id=\"0\">\n<div class=\"content-media__container\">\n<div class=\"content-media__image-centered\">\n<div class=\"progressive-img can-open-lightbox\" data-min-size=\"1008x631\" data-min-size-url=\"https:\/\/s2.glbimg.com\/HCq1t8lgKzx6IX_4yeq73MdQT1E=\/0x0:1700x1065\/1008x0\/smart\/filters:strip_icc()\/i.s3.glbimg.com\/v1\/AUTH_59edd422c0c84a879bd37670ae4f538a\/internal_photos\/bs\/2017\/K\/p\/LIob8sQeqYL3mZujXnHA\/artur2.jpg\" data-max-size=\"1600x1002\" data-max-size-url=\"https:\/\/s2.glbimg.com\/vgPw5Rsrit7kW7cGxLBmE61arr8=\/0x0:1700x1065\/1600x0\/smart\/filters:strip_icc()\/i.s3.glbimg.com\/v1\/AUTH_59edd422c0c84a879bd37670ae4f538a\/internal_photos\/bs\/2017\/K\/p\/LIob8sQeqYL3mZujXnHA\/artur2.jpg\" data-media-index=\"0\"><img class=\"progressive-draft\" title=\"Artur Knot \u00e9 acostumado com mergulho e \u00f3timo nadador, segundo a irm\u00e3 (Foto: Reprodu\u00e7\u00e3o \/ Facebook)\" src=\"data:image\/jpeg;base64,\/9j\/4AAQSkZJRgABAQAAAQABAAD\/2wBDAAMCAgMCAgMDAwMEAwMEBQgFBQQEBQoHBwYIDAoMDAsKCwsNDhIQDQ4RDgsLEBYQERMUFRUVDA8XGBYUGBIUFRT\/2wBDAQMEBAUEBQkFBQkUDQsNFBQUFBQUFBQUFBQUFBQUFBQUFBQUFBQUFBQUFBQUFBQUFBQUFBQUFBQUFBQUFBQUFBT\/wgARCAAQABkDASIAAhEBAxEB\/8QAGAABAAMBAAAAAAAAAAAAAAAABgMFBwj\/xAAVAQEBAAAAAAAAAAAAAAAAAAABAP\/aAAwDAQACEAMQAAABr2eHzl1qyMLE\/8QAHRAAAQQDAQEAAAAAAAAAAAAABgECBAUAAxMSFv\/aAAgBAQABBQIQtm1YANF8W8sw5zWjHXBvb0oBDbFgQBFU+X9Jn\/\/EABcRAQEBAQAAAAAAAAAAAAAAAAECEBH\/2gAIAQMBAT8BLrjJn\/\/EABcRAQADAAAAAAAAAAAAAAAAAAECECH\/2gAIAQIBAT8BSJrX\/8QAKBAAAQMDAgMJAAAAAAAAAAAAAQACAwQFESEiEzFBFCQyM1GSsbLR\/9oACAEBAAY\/AqqYOImbUuOnptVwcA6CAU+yF4zhWvDMd2jz7V4SrhSuB8uR4PToqqZ\/ENW\/Y0DkGY\/fhWgZ17JF9Qua\/8QAIBABAAIBAgcAAAAAAAAAAAAAAQARITFhEEFRgbHB0f\/aAAgBAQABPyGpENOWlvcFaZDu0u+v3aZPiyDVpbwFLsUpgnnGGTuAJZ7sHVHIS2U\/\/9oADAMBAAIAAwAAABDBf\/\/EABkRAAIDAQAAAAAAAAAAAAAAAAERECGRcf\/aAAgBAwEBPxBIGTQfXWZH\/8QAGREAAQUAAAAAAAAAAAAAAAAAARAhQYHw\/9oACAECAQE\/ECgaE60\/\/8QAHRABAQACAgMBAAAAAAAAAAAAAREAIWFxMUHxUf\/aAAgBAQABPxBfzO5MRSVD2M3JJg2pmq9qlIRdMbydiF7n6qXI+WaLLVF0FIxzQ7xnxqwDt2omvHbK2RainBn3c\/\/Z\" alt=\"Artur Knot \u00e9 acostumado com mergulho e \u00f3timo nadador, segundo a irm\u00e3 (Foto: Reprodu\u00e7\u00e3o \/ Facebook)\" \/><picture><img loading=\"lazy\" class=\"image content-media__image progressive-loaded\" title=\"Artur Knot \u00e9 acostumado com mergulho e \u00f3timo nadador, segundo a irm\u00e3 (Foto: Reprodu\u00e7\u00e3o \/ Facebook)\" src=\"https:\/\/s2.glbimg.com\/-znhGh6fdpt7COTpX2OFkaBzqhc=\/0x0:1700x1065\/984x0\/smart\/filters:strip_icc()\/i.s3.glbimg.com\/v1\/AUTH_59edd422c0c84a879bd37670ae4f538a\/internal_photos\/bs\/2017\/K\/p\/LIob8sQeqYL3mZujXnHA\/artur2.jpg\" alt=\"Artur Knot \u00e9 acostumado com mergulho e \u00f3timo nadador, segundo a irm\u00e3 (Foto: Reprodu\u00e7\u00e3o \/ Facebook)\" width=\"369\" height=\"231\" data-src=\"https:\/\/s2.glbimg.com\/-znhGh6fdpt7COTpX2OFkaBzqhc=\/0x0:1700x1065\/984x0\/smart\/filters:strip_icc()\/i.s3.glbimg.com\/v1\/AUTH_59edd422c0c84a879bd37670ae4f538a\/internal_photos\/bs\/2017\/K\/p\/LIob8sQeqYL3mZujXnHA\/artur2.jpg\" \/><\/picture><\/div>\n<div class=\"progressive-img can-open-lightbox\" data-min-size=\"1008x631\" data-min-size-url=\"https:\/\/s2.glbimg.com\/HCq1t8lgKzx6IX_4yeq73MdQT1E=\/0x0:1700x1065\/1008x0\/smart\/filters:strip_icc()\/i.s3.glbimg.com\/v1\/AUTH_59edd422c0c84a879bd37670ae4f538a\/internal_photos\/bs\/2017\/K\/p\/LIob8sQeqYL3mZujXnHA\/artur2.jpg\" data-max-size=\"1600x1002\" data-max-size-url=\"https:\/\/s2.glbimg.com\/vgPw5Rsrit7kW7cGxLBmE61arr8=\/0x0:1700x1065\/1600x0\/smart\/filters:strip_icc()\/i.s3.glbimg.com\/v1\/AUTH_59edd422c0c84a879bd37670ae4f538a\/internal_photos\/bs\/2017\/K\/p\/LIob8sQeqYL3mZujXnHA\/artur2.jpg\" data-media-index=\"0\"><\/div>\n<\/div>\n<div class=\"content-media__description-centered \">\n<p class=\"content-media__description\"><span class=\"content-media__description__caption\">Artur Knot \u00e9 acostumado com mergulho e \u00f3timo nadador, segundo a irm\u00e3 (Foto: Reprodu\u00e7\u00e3o \/ Facebook)<\/span><\/p>\n<\/div>\n<\/div>\n<\/div>\n<div class=\"mc-column content-text active-extra-styles active-capital-letter\" data-block-type=\"unstyled\" data-block-weight=\"44\" data-block-id=\"2\">\n<p class=\"content-text__container theme-color-primary-first-letter\" data-track-category=\"Link no Texto\" data-track-links=\"\">Foi localizado na tarde desta ter\u00e7a-feira (2) o corpo do empres\u00e1rio Artur Knoth,\u00a0<a href=\"https:\/\/g1.globo.com\/ba\/bahia\/noticia\/empresario-faz-mergulho-para-caca-submarina-e-desaparece-no-baixo-sul-da-bahia.ghtml\">que estava desaparecido desde o s\u00e1bado (30)<\/a>, durante um mergulho para pr\u00e1tica de ca\u00e7a submarina, na regi\u00e3o da Ilha d&#8217;Ajuda, que fica no munic\u00edpio de Jaguaripe, no baixo sul da Bahia.<\/p>\n<\/div>\n<\/article>\n<\/div>\n<p class=\"content-text__container theme-color-primary-first-letter\" data-track-category=\"Link no Texto\" data-track-links=\"\"><!--more--><\/p>\n<div class=\"mc-article-body\">\n<article>\n<div class=\"mc-column content-text active-extra-styles \" data-block-type=\"unstyled\" data-block-weight=\"19\" data-block-id=\"3\">\n<p class=\"content-text__container \" data-track-category=\"Link no Texto\" data-track-links=\"\">Segundo a pol\u00edcia, Artur foi localizado durante buscas feitas por um mergulhador amigo dele, na mesma regi\u00e3o do desaparecimento.<\/p>\n<\/div>\n<div class=\"mc-column content-text active-extra-styles \" data-block-type=\"unstyled\" data-block-weight=\"41\" data-block-id=\"4\">\n<p class=\"content-text__container \" data-track-category=\"Link no Texto\" data-track-links=\"\">No in\u00edcio da noite, o corpo do empres\u00e1rio estava sendo necropsiado na sede da 5\u00aa Coordenadoria de Pol\u00edcia do Interior (Coorpin\/Valen\u00e7a), onde o caso foi registrado. Artur knoth tinha 38 anos, era ga\u00facho, mas morava em Valen\u00e7a, onde tinha um restaurante.<\/p>\n<\/div>\n<div class=\"mc-column content-media content-media--normal  content-photo\" data-block-type=\"backstage-photo\" data-block-id=\"5\">\n<div class=\"content-media__container\">\n<div class=\"content-media__image-centered\">\n<div class=\"progressive-img can-open-lightbox\" data-min-size=\"1008x631\" data-min-size-url=\"https:\/\/s2.glbimg.com\/W0d2TG5CKskDtED4JCfuq5rXS88=\/0x0:1700x1065\/1008x0\/smart\/filters:strip_icc()\/i.s3.glbimg.com\/v1\/AUTH_59edd422c0c84a879bd37670ae4f538a\/internal_photos\/bs\/2017\/V\/L\/0aztP8TbiAvNG4AAjDvQ\/artur1.jpg\" data-max-size=\"1600x1002\" data-max-size-url=\"https:\/\/s2.glbimg.com\/YNlqxZEXx-GJkliiBQyS1_BTrvc=\/0x0:1700x1065\/1600x0\/smart\/filters:strip_icc()\/i.s3.glbimg.com\/v1\/AUTH_59edd422c0c84a879bd37670ae4f538a\/internal_photos\/bs\/2017\/V\/L\/0aztP8TbiAvNG4AAjDvQ\/artur1.jpg\" data-media-index=\"1\"><img class=\"progressive-draft\" title=\"Artur Knot, de 38 anos, \u00e9 morador do munic\u00edpio de Valen\u00e7a (Foto: Reprodu\u00e7\u00e3o \/ Facebook)\" src=\"data:image\/jpeg;base64,\/9j\/4AAQSkZJRgABAQAAAQABAAD\/2wBDAAMCAgMCAgMDAwMEAwMEBQgFBQQEBQoHBwYIDAoMDAsKCwsNDhIQDQ4RDgsLEBYQERMUFRUVDA8XGBYUGBIUFRT\/2wBDAQMEBAUEBQkFBQkUDQsNFBQUFBQUFBQUFBQUFBQUFBQUFBQUFBQUFBQUFBQUFBQUFBQUFBQUFBQUFBQUFBQUFBT\/wgARCAAQABkDASIAAhEBAxEB\/8QAFwABAQEBAAAAAAAAAAAAAAAACAYFB\/\/EABUBAQEAAAAAAAAAAAAAAAAAAAME\/9oADAMBAAIQAxAAAAHhG7PV4VMMcJcuPL\/\/xAAeEAACAgEFAQAAAAAAAAAAAAAEBQADBgECBxMUFf\/aAAgBAQABBQJSLoZvyRFUngaNR5+iqJr6RDWbEJy7E5Bx6ur6A8\/\/xAAaEQACAgMAAAAAAAAAAAAAAAABAwIREBMi\/9oACAEDAQE\/AVyVqNjq8f\/EABkRAAEFAAAAAAAAAAAAAAAAAAIBEBESMf\/aAAgBAgEBPwEhO6Rjf\/\/EACQQAAEEAQMDBQAAAAAAAAAAAAIAAQMREgQFISMxMyRykZKh\/9oACAEBAAY\/AoI8bIyUeB5uajrbtK\/Dd4RdeMfqtPPKZUB27Mrn1HooozYXZn5LHj5ekGW4ixU2XTLvXtXk\/F\/\/xAAeEAEAAgEEAwAAAAAAAAAAAAABABExIUFRYYGR8f\/aAAgBAQABPyFU3oxqF6sOrAXGOp2pZnHNT46EccGC5WSBbax2XEVq0Dsg34Tr+0\/\/2gAMAwEAAgADAAAAEHAP\/8QAGREBAAMBAQAAAAAAAAAAAAAAASExcRBh\/9oACAEDAQE\/EDrEAZanlznP\/8QAGREAAQUAAAAAAAAAAAAAAAAAARARMbHw\/9oACAECAQE\/EDHkDqT\/xAAfEAEBAAIBBAMAAAAAAAAAAAABEQAxIUFRwfBhcYH\/2gAIAQEAAT8QE6kgUDoowDrhYWtEM8v0LP3RjwoMstDVNd989F8YUzxDbBQNsbHcmOPmnp9ETVkDoK5RhvY80HJ0p2z2nxn\/2Q==\" alt=\"Artur Knot, de 38 anos, \u00e9 morador do munic\u00edpio de Valen\u00e7a (Foto: Reprodu\u00e7\u00e3o \/ Facebook)\" \/><picture><img loading=\"lazy\" class=\"image content-media__image progressive-loaded\" title=\"Artur Knot, de 38 anos, \u00e9 morador do munic\u00edpio de Valen\u00e7a (Foto: Reprodu\u00e7\u00e3o \/ Facebook)\" src=\"https:\/\/s2.glbimg.com\/l4Il6zayrwKs-I2Xj1qfya09G3o=\/0x0:1700x1065\/984x0\/smart\/filters:strip_icc()\/i.s3.glbimg.com\/v1\/AUTH_59edd422c0c84a879bd37670ae4f538a\/internal_photos\/bs\/2017\/V\/L\/0aztP8TbiAvNG4AAjDvQ\/artur1.jpg\" alt=\"Artur Knot, de 38 anos, \u00e9 morador do munic\u00edpio de Valen\u00e7a (Foto: Reprodu\u00e7\u00e3o \/ Facebook)\" width=\"262\" height=\"164\" data-src=\"https:\/\/s2.glbimg.com\/l4Il6zayrwKs-I2Xj1qfya09G3o=\/0x0:1700x1065\/984x0\/smart\/filters:strip_icc()\/i.s3.glbimg.com\/v1\/AUTH_59edd422c0c84a879bd37670ae4f538a\/internal_photos\/bs\/2017\/V\/L\/0aztP8TbiAvNG4AAjDvQ\/artur1.jpg\" \/><\/picture><\/div>\n<\/div>\n<div class=\"content-media__description-centered \">\n<p class=\"content-media__description\"><span class=\"content-media__description__caption\">Artur Knot, de 38 anos, \u00e9 morador do munic\u00edpio de Valen\u00e7a (Foto: Reprodu\u00e7\u00e3o \/ Facebook)<\/span><\/p>\n<\/div>\n<\/div>\n<\/div>\n<div class=\"mc-column content-text active-extra-styles \" data-block-type=\"unstyled\" data-block-weight=\"53\" data-block-id=\"6\">\n<p class=\"content-text__container \" data-track-category=\"Link no Texto\" data-track-links=\"\">Ainda n\u00e3o h\u00e1 informa\u00e7\u00f5es confirmadas sobre o que impediu a volta do mergulhador \u00e0 superf\u00edcie. O delegado Jos\u00e9 Raimundo Nery, titular da Coorpin, detalha que ele usava todos os equipamentos, como a roupa espec\u00edfica para mergulho, mas pr\u00e1tica de ca\u00e7a submarina era feita por apneia, sem a utiliza\u00e7\u00e3o de um cilindro de oxig\u00eaneo.<\/p>\n<\/div>\n<div class=\"mc-column content-text active-extra-styles \" data-block-type=\"unstyled\" data-block-weight=\"25\" data-block-id=\"7\">\n<p class=\"content-text__container \" data-track-category=\"Link no Texto\" data-track-links=\"\">Ainda conforme a pol\u00edcia, o corpo do mergulhador n\u00e3o ficou preso no fundo do mar, mas tamb\u00e9m n\u00e3o boiou provavelmente devido ao peso dos equipamentos.<\/p>\n<\/div>\n<div class=\"mc-column content-text active-extra-styles \" data-block-type=\"unstyled\" data-block-weight=\"23\" data-block-id=\"8\">\n<p class=\"content-text__container \" data-track-category=\"Link no Texto\" data-track-links=\"\">Desde o desaparecimento, as buscas foram realizadas tamb\u00e9m com atua\u00e7\u00e3o equipes de resgate que est\u00e3o na costa por meio de lanchas e barcos.<\/p>\n<\/div>\n<\/article>\n<\/div>\n","protected":false},"excerpt":{"rendered":"<p>Artur Knot \u00e9 acostumado com mergulho e \u00f3timo nadador, segundo a irm\u00e3 (Foto: Reprodu\u00e7\u00e3o \/ Facebook) Foi localizado na tarde desta ter\u00e7a-feira (2) o corpo do empres\u00e1rio Artur Knoth,\u00a0que estava desaparecido desde o s\u00e1bado (30), durante um mergulho para pr\u00e1tica de ca\u00e7a submarina, na regi\u00e3o da Ilha d&#8217;Ajuda, que fica no munic\u00edpio de Jaguaripe, no [&hellip;]<\/p>\n","protected":false},"author":2,"featured_media":0,"comment_status":"open","ping_status":"open","sticky":false,"template":"","format":"standard","meta":{"_links_to":"","_links_to_target":""},"categories":[7,9,8,1],"tags":[],"_links":{"self":[{"href":"https:\/\/www.ilheusnoticias.net.br\/v1\/wp-json\/wp\/v2\/posts\/11556"}],"collection":[{"href":"https:\/\/www.ilheusnoticias.net.br\/v1\/wp-json\/wp\/v2\/posts"}],"about":[{"href":"https:\/\/www.ilheusnoticias.net.br\/v1\/wp-json\/wp\/v2\/types\/post"}],"author":[{"embeddable":true,"href":"https:\/\/www.ilheusnoticias.net.br\/v1\/wp-json\/wp\/v2\/users\/2"}],"replies":[{"embeddable":true,"href":"https:\/\/www.ilheusnoticias.net.br\/v1\/wp-json\/wp\/v2\/comments?post=11556"}],"version-history":[{"count":1,"href":"https:\/\/www.ilheusnoticias.net.br\/v1\/wp-json\/wp\/v2\/posts\/11556\/revisions"}],"predecessor-version":[{"id":11557,"href":"https:\/\/www.ilheusnoticias.net.br\/v1\/wp-json\/wp\/v2\/posts\/11556\/revisions\/11557"}],"wp:attachment":[{"href":"https:\/\/www.ilheusnoticias.net.br\/v1\/wp-json\/wp\/v2\/media?parent=11556"}],"wp:term":[{"taxonomy":"category","embeddable":true,"href":"https:\/\/www.ilheusnoticias.net.br\/v1\/wp-json\/wp\/v2\/categories?post=11556"},{"taxonomy":"post_tag","embeddable":true,"href":"https:\/\/www.ilheusnoticias.net.br\/v1\/wp-json\/wp\/v2\/tags?post=11556"}],"curies":[{"name":"wp","href":"https:\/\/api.w.org\/{rel}","templated":true}]}}