{"id":11554,"date":"2018-01-03T14:24:24","date_gmt":"2018-01-03T17:24:24","guid":{"rendered":"http:\/\/www.ilheusnoticias.net.br\/v1\/?p=11554"},"modified":"2018-01-03T14:24:24","modified_gmt":"2018-01-03T17:24:24","slug":"empresa-e-condenada-a-pagar-r-300-mil-por-ofender-funcionarios-em-salvador-baiano-lerdo","status":"publish","type":"post","link":"https:\/\/www.ilheusnoticias.net.br\/v1\/2018\/01\/03\/empresa-e-condenada-a-pagar-r-300-mil-por-ofender-funcionarios-em-salvador-baiano-lerdo\/","title":{"rendered":"Empresa \u00e9 condenada a pagar R$ 300 mil por ofender funcion\u00e1rios em Salvador: &#8216;Baiano lerdo&#8217;"},"content":{"rendered":"<div class=\"row content-head\"><\/div>\n<div class=\"row content-share-bar\">\n<div class=\"column medium-centered medium-22 large-20 content-share-bar__container\">\n<div id=\"share-bar\" class=\"share-bar share-bar-container share-theme-minimal share-bar-container share-theme-minimal\" data-url=\"https:\/\/g1.globo.com\/ba\/bahia\/noticia\/empresa-e-condenada-a-pagar-r-300-mil-por-ofender-funcionarios-em-salvador-baiano-lerdo.ghtml\" data-title=\"Empresa \u00e9 condenada a pagar R$ 300 mil por ofender funcion\u00e1rios em Salvador: 'Baiano lerdo'\" data-image-url=\"https:\/\/s2.glbimg.com\/uDRV3sn16ehItM-jd6PV9J6ZOuw=\/1200x\/smart\/filters:cover():strip_icc()\/s03.video.glbimg.com\/x720\/6395542.jpg\"><\/div>\n<\/div>\n<\/div>\n<div class=\"mc-article-body\">\n<article>\n<div class=\"mc-column content-media content-media--normal content-video\" data-block-type=\"backstage-video\" data-block-id=\"0\">\n<div class=\"content-media__container content-media__container--loaded\">\n<div class=\"content-video__placeholder\" data-video-id=\"6395542\"><img loading=\"lazy\" class=\"content-video__placeholder__thumb\" title=\"Empresa \u00e9 condenada pelo MPT a pagar R$300 mil por ass\u00e9dio moral\" src=\"https:\/\/s03.video.glbimg.com\/x720\/6395542.jpg\" alt=\"Empresa \u00e9 condenada pelo MPT a pagar R$300 mil por ass\u00e9dio moral\" width=\"393\" height=\"221\" \/><\/div>\n<div class=\"content-video__placeholder\" data-video-id=\"6395542\"><\/div>\n<\/div>\n<div class=\"content-media__description-centered\">\n<p class=\"content-media__description\"><span class=\"content-media__description__caption\">Empresa \u00e9 condenada pelo MPT a pagar R$300 mil por ass\u00e9dio moral<\/span><\/p>\n<\/div>\n<\/div>\n<div class=\"mc-column content-text active-extra-styles active-capital-letter\" data-block-type=\"unstyled\" data-block-weight=\"52\" data-block-id=\"2\">\n<p class=\"content-text__container theme-color-primary-first-letter\" data-track-category=\"Link no Texto\" data-track-links=\"\">Uma empresa que atua no desenvolvimento de equipamentos para automa\u00e7\u00e3o comercial foi condenada a pagar R$ 300 mil em a\u00e7\u00e3o civil p\u00fablica que julgou atos de dois gerentes da unidade, em Salvador, que foram acusados de insultar, constranger e humilhar funcion\u00e1rios com express\u00f5es vinculadas ao preconceito de origem regional, como &#8220;baiano lerdo&#8221;.<\/p>\n<\/div>\n<div class=\"mc-column content-text active-extra-styles \" data-block-type=\"unstyled\" data-block-weight=\"57\" data-block-id=\"3\">\n<p class=\"content-text__container \" data-track-category=\"Link no Texto\" data-track-links=\"\">A empresa citada no processo \u00e9 Bematech, que tem sede em Curitiba e possu\u00eda uma unidade na capital baiana. A a\u00e7\u00e3o civil p\u00fablica foi movida pelo Minist\u00e9rio P\u00fablico do Trabalho (MPT\/BA), em 2014, e a decis\u00e3o da Justi\u00e7a foi proferida em novembro de 2017. O\u00a0<strong>G1<\/strong>\u00a0n\u00e3o conseguiu contato com a empresa at\u00e9 a publica\u00e7\u00e3o desta reportagem.<\/p>\n<\/div>\n<\/article>\n<\/div>\n<p class=\"content-text__container \" data-track-category=\"Link no Texto\" data-track-links=\"\"><!--more--><\/p>\n<div class=\"mc-article-body\">\n<article>\n<div class=\"mc-column content-text active-extra-styles \" data-block-type=\"unstyled\" data-block-weight=\"36\" data-block-id=\"4\">\n<p class=\"content-text__container \" data-track-category=\"Link no Texto\" data-track-links=\"\">O MPT diz que o ass\u00e9dio moral era praticado pelos gerentes Rodrigo Galv\u00e3o e Gustavo Zuali. Segundo os autos do processo, eles ofendiam os funcion\u00e1rios com insultos, constrangimentos e humilha\u00e7\u00f5es. Os atos foram confirmados na senten\u00e7a.<\/p>\n<\/div>\n<div class=\"mc-column content-text active-extra-styles \" data-block-type=\"unstyled\" data-block-weight=\"49\" data-block-id=\"5\">\n<p class=\"content-text__container \" data-track-category=\"Link no Texto\" data-track-links=\"\">Na decis\u00e3o, a magistrada reconheceu que as ofensas proferidas eram de responsabilidade da empresa, que n\u00e3o adotou qualquer medida para evitar a pr\u00e1tica. As express\u00f5es usadas, segundo o processo, revelavam discrimina\u00e7\u00e3o de origem, pois atingiam todo o povo da Bahia, em associa\u00e7\u00e3o \u00e0 suposta incompet\u00eancia e inefici\u00eancia dos funcion\u00e1rios.<\/p>\n<\/div>\n<div class=\"mc-column content-text active-extra-styles \" data-block-type=\"unstyled\" data-block-weight=\"29\" data-block-id=\"6\">\n<p class=\"content-text__container \" data-track-category=\"Link no Texto\" data-track-links=\"\">Segundo a Justi\u00e7a, as testemunhas ouvidas confirmaram a humilha\u00e7\u00e3o praticada pelos gerentes, que utilizavam express\u00f5es racistas e, sobretudo, preconceituosas para se dirigir aos subordinados, como \u201cpregui\u00e7osos, lerdos, moles, devagar\u201d.<\/p>\n<\/div>\n<div class=\"mc-column content-text active-extra-styles \" data-block-type=\"unstyled\" data-block-weight=\"25\" data-block-id=\"7\">\n<p class=\"content-text__container \" data-track-category=\"Link no Texto\" data-track-links=\"\">A senten\u00e7a da ju\u00edza Lucyenne Veiga destacou que o estigma do &#8220;baiano lerdo&#8221;, pregui\u00e7oso e com avers\u00e3o ao trabalho n\u00e3o possui qualquer dado de realidade.<\/p>\n<\/div>\n<div class=\"mc-column content-text active-extra-styles \" data-block-type=\"unstyled\" data-block-weight=\"53\" data-block-id=\"8\">\n<p class=\"content-text__container \" data-track-category=\"Link no Texto\" data-track-links=\"\">\u201cNa verdade, segundo estudos antropol\u00f3gicos, o estigma de pregui\u00e7oso do baiano teve origem na elite branca que dominava o Brasil na \u00e9poca da escravid\u00e3o dos negros e era usada para desdenhar desses escravos que laboravam at\u00e9 a exaust\u00e3o\u201d, pontuou a ju\u00edza. Ela levou em conta que o estere\u00f3tipo atinge principalmente a classe trabalhadora<\/p>\n<\/div>\n<div class=\"mc-column content-text active-extra-styles \" data-block-type=\"unstyled\" data-block-weight=\"55\" data-block-id=\"10\">\n<p class=\"content-text__container \" data-track-category=\"Link no Texto\" data-track-links=\"\">Em defesa, o MPT diz que a empresa alegou que sempre cumpriu determina\u00e7\u00f5es legais e que um de seus gestores era nordestino. Entretanto, a ju\u00edza considerou que o argumento n\u00e3o leva \u00e0 conclus\u00e3o de que, por este motivo, um nordestino n\u00e3o ofenderia outro, \u201cat\u00e9 porque, infelizmente, n\u00e3o raro um oprimido assume o lado do opressor\u201d.<\/p>\n<\/div>\n<div class=\"mc-column content-text active-extra-styles \" data-block-type=\"unstyled\" data-block-weight=\"45\" data-block-id=\"11\">\n<p class=\"content-text__container \" data-track-category=\"Link no Texto\" data-track-links=\"\">O valor a ser pago, segundo a Justi\u00e7a, ser\u00e1 revertido ao Fundo de Promo\u00e7\u00e3o do Trabalho Decente, \u00e0 Associa\u00e7\u00e3o de Pais e Amigos de Crian\u00e7as e Adolescentes com Dist\u00farbios de Comportamento e ao Lar Irm\u00e3 Benedita Camurugi. Cada uma delas deve receber R$ 100 mil.<\/p>\n<\/div>\n<div data-track-category=\"fim do conteudo\" data-track-action=\"ultimo chunk conteudo\" data-track-noninteraction=\"false\" data-track-scroll=\"entrada completa viewport\">\n<div class=\"mc-column content-text active-extra-styles \" data-block-type=\"unstyled\" data-block-weight=\"69\" data-block-id=\"12\">\n<p class=\"content-text__container \" data-track-category=\"Link no Texto\" data-track-links=\"\">A empresa n\u00e3o mais possui filial em Salvador. Para a Justi\u00e7a, entretanto, isso n\u00e3o tira dela a responsabilidade de pagar pelo dano moral causado. A a\u00e7\u00e3o do MPT foi iniciada por meio de um processo trabalhista movida por uma ex-funcion\u00e1ria, em 2011, que reconheceu a pr\u00e1tica do ass\u00e9dio e condenou a mesma empresa por dano moral. A decis\u00e3o foi confirmada em segunda inst\u00e2ncia, com base no comportamento discriminat\u00f3rio reiterado.<\/p>\n<\/div>\n<\/div>\n<\/article>\n<\/div>\n","protected":false},"excerpt":{"rendered":"<p>Empresa \u00e9 condenada pelo MPT a pagar R$300 mil por ass\u00e9dio moral Uma empresa que atua no desenvolvimento de equipamentos para automa\u00e7\u00e3o comercial foi condenada a pagar R$ 300 mil em a\u00e7\u00e3o civil p\u00fablica que julgou atos de dois gerentes da unidade, em Salvador, que foram acusados de insultar, constranger e humilhar funcion\u00e1rios com express\u00f5es [&hellip;]<\/p>\n","protected":false},"author":2,"featured_media":0,"comment_status":"open","ping_status":"open","sticky":false,"template":"","format":"standard","meta":{"_links_to":"","_links_to_target":""},"categories":[7,9,8,1,5],"tags":[],"_links":{"self":[{"href":"https:\/\/www.ilheusnoticias.net.br\/v1\/wp-json\/wp\/v2\/posts\/11554"}],"collection":[{"href":"https:\/\/www.ilheusnoticias.net.br\/v1\/wp-json\/wp\/v2\/posts"}],"about":[{"href":"https:\/\/www.ilheusnoticias.net.br\/v1\/wp-json\/wp\/v2\/types\/post"}],"author":[{"embeddable":true,"href":"https:\/\/www.ilheusnoticias.net.br\/v1\/wp-json\/wp\/v2\/users\/2"}],"replies":[{"embeddable":true,"href":"https:\/\/www.ilheusnoticias.net.br\/v1\/wp-json\/wp\/v2\/comments?post=11554"}],"version-history":[{"count":1,"href":"https:\/\/www.ilheusnoticias.net.br\/v1\/wp-json\/wp\/v2\/posts\/11554\/revisions"}],"predecessor-version":[{"id":11555,"href":"https:\/\/www.ilheusnoticias.net.br\/v1\/wp-json\/wp\/v2\/posts\/11554\/revisions\/11555"}],"wp:attachment":[{"href":"https:\/\/www.ilheusnoticias.net.br\/v1\/wp-json\/wp\/v2\/media?parent=11554"}],"wp:term":[{"taxonomy":"category","embeddable":true,"href":"https:\/\/www.ilheusnoticias.net.br\/v1\/wp-json\/wp\/v2\/categories?post=11554"},{"taxonomy":"post_tag","embeddable":true,"href":"https:\/\/www.ilheusnoticias.net.br\/v1\/wp-json\/wp\/v2\/tags?post=11554"}],"curies":[{"name":"wp","href":"https:\/\/api.w.org\/{rel}","templated":true}]}}