{"id":11550,"date":"2018-01-03T14:18:34","date_gmt":"2018-01-03T17:18:34","guid":{"rendered":"http:\/\/www.ilheusnoticias.net.br\/v1\/?p=11550"},"modified":"2018-01-03T14:18:34","modified_gmt":"2018-01-03T17:18:34","slug":"concursos-publicos-abrem-162-mil-vagas-em-todo-brasil","status":"publish","type":"post","link":"https:\/\/www.ilheusnoticias.net.br\/v1\/2018\/01\/03\/concursos-publicos-abrem-162-mil-vagas-em-todo-brasil\/","title":{"rendered":"Concursos p\u00fablicos abrem 162 mil vagas em todo Brasil"},"content":{"rendered":"<h3 class=\"post-title entry-title\"><\/h3>\n<div id=\"post-body-2000586146050079423\" class=\"post-body entry-content\">\n<div class=\"separator\"><a href=\"https:\/\/3.bp.blogspot.com\/-XC5knotoY7U\/WkzYRd2M7qI\/AAAAAAAAOwI\/T0cSNbMyQkkvIPzofmG7O9y6owVIm6FQwCLcBGAs\/s1600\/concurso-1-600x250.jpg\"><img loading=\"lazy\" src=\"https:\/\/3.bp.blogspot.com\/-XC5knotoY7U\/WkzYRd2M7qI\/AAAAAAAAOwI\/T0cSNbMyQkkvIPzofmG7O9y6owVIm6FQwCLcBGAs\/s640\/concurso-1-600x250.jpg\" alt=\"\" width=\"640\" height=\"266\" border=\"0\" data-original-height=\"250\" data-original-width=\"600\" \/><\/a><\/div>\n<div>O ano novo traz boas perspectivas para quem sonha em ser aprovado num concurso p\u00fablico, com n\u00famero recorde de editais e vagas. Espera-se a abertura de 162 mil vagas na administra\u00e7\u00e3o p\u00fablica, quase o dobro das 85 mil oportunidades oferecidas em 2017. H\u00e1 cargos em todo o pa\u00eds, no Legislativo, Executivo e Judici\u00e1rio, e a remunera\u00e7\u00e3o pode ultrapassar os R$ 20 mil.<\/div>\n<\/div>\n<div><\/div>\n<p><!--more--><\/p>\n<div id=\"post-body-2000586146050079423\" class=\"post-body entry-content\">\n<div><\/div>\n<div>De acordo com a Associa\u00e7\u00e3o Nacional de Prote\u00e7\u00e3o e Apoio ao Concurso P\u00fablico (Anpac), respons\u00e1vel pelo balan\u00e7o dos certames, o crescimento no n\u00famero de postos p\u00fablicos de trabalho tem rela\u00e7\u00e3o com a necessidade de recomposi\u00e7\u00e3o do quadro efetivo, defasado depois de tr\u00eas anos de vacas magras no setor p\u00fablico.Neste ano, o governo federal anunciou que destinar\u00e1 R$ 600 milh\u00f5es do or\u00e7amento para concursos p\u00fablicos.<\/div>\n<div><\/div>\n<div>Os mais esperados pelos candidatos s\u00e3o o do Minist\u00e9rio P\u00fablico da Uni\u00e3o (MPU), da Pol\u00edcia Rodovi\u00e1ria Federal (PRF), da Pol\u00edcia Federal (PF) e Receita Federal. Estados e munic\u00edpios tamb\u00e9m contam com oferta de vagas.<\/div>\n<\/div>\n","protected":false},"excerpt":{"rendered":"<p>O ano novo traz boas perspectivas para quem sonha em ser aprovado num concurso p\u00fablico, com n\u00famero recorde de editais e vagas. Espera-se a abertura de 162 mil vagas na administra\u00e7\u00e3o p\u00fablica, quase o dobro das 85 mil oportunidades oferecidas em 2017. H\u00e1 cargos em todo o pa\u00eds, no Legislativo, Executivo e Judici\u00e1rio, e a [&hellip;]<\/p>\n","protected":false},"author":2,"featured_media":0,"comment_status":"open","ping_status":"open","sticky":false,"template":"","format":"standard","meta":{"_links_to":"","_links_to_target":""},"categories":[7,9,8,1],"tags":[],"_links":{"self":[{"href":"https:\/\/www.ilheusnoticias.net.br\/v1\/wp-json\/wp\/v2\/posts\/11550"}],"collection":[{"href":"https:\/\/www.ilheusnoticias.net.br\/v1\/wp-json\/wp\/v2\/posts"}],"about":[{"href":"https:\/\/www.ilheusnoticias.net.br\/v1\/wp-json\/wp\/v2\/types\/post"}],"author":[{"embeddable":true,"href":"https:\/\/www.ilheusnoticias.net.br\/v1\/wp-json\/wp\/v2\/users\/2"}],"replies":[{"embeddable":true,"href":"https:\/\/www.ilheusnoticias.net.br\/v1\/wp-json\/wp\/v2\/comments?post=11550"}],"version-history":[{"count":1,"href":"https:\/\/www.ilheusnoticias.net.br\/v1\/wp-json\/wp\/v2\/posts\/11550\/revisions"}],"predecessor-version":[{"id":11551,"href":"https:\/\/www.ilheusnoticias.net.br\/v1\/wp-json\/wp\/v2\/posts\/11550\/revisions\/11551"}],"wp:attachment":[{"href":"https:\/\/www.ilheusnoticias.net.br\/v1\/wp-json\/wp\/v2\/media?parent=11550"}],"wp:term":[{"taxonomy":"category","embeddable":true,"href":"https:\/\/www.ilheusnoticias.net.br\/v1\/wp-json\/wp\/v2\/categories?post=11550"},{"taxonomy":"post_tag","embeddable":true,"href":"https:\/\/www.ilheusnoticias.net.br\/v1\/wp-json\/wp\/v2\/tags?post=11550"}],"curies":[{"name":"wp","href":"https:\/\/api.w.org\/{rel}","templated":true}]}}