{"id":11541,"date":"2018-01-03T10:21:53","date_gmt":"2018-01-03T13:21:53","guid":{"rendered":"http:\/\/www.ilheusnoticias.net.br\/v1\/?p=11541"},"modified":"2018-01-03T10:21:53","modified_gmt":"2018-01-03T13:21:53","slug":"rui-entrega-novo-terminal-de-onibus-urbano-da-rodoviaria-totalmente-reformado","status":"publish","type":"post","link":"https:\/\/www.ilheusnoticias.net.br\/v1\/2018\/01\/03\/rui-entrega-novo-terminal-de-onibus-urbano-da-rodoviaria-totalmente-reformado\/","title":{"rendered":"Rui entrega novo terminal de \u00f4nibus urbano da Rodovi\u00e1ria totalmente reformado"},"content":{"rendered":"<p class=\"x_MsoNormal\"><a href=\"http:\/\/www.ilheusnoticias.net.br\/v1\/wp-content\/uploads\/2018\/01\/IMG-20180102-WA0065.jpg\" rel=\"attachment wp-att-11513\"><img loading=\"lazy\" class=\"aligncenter  wp-image-11513\" src=\"http:\/\/www.ilheusnoticias.net.br\/v1\/wp-content\/uploads\/2018\/01\/IMG-20180102-WA0065.jpg\" alt=\"IMG-20180102-WA0065.jpg\" width=\"404\" height=\"269\" srcset=\"https:\/\/www.ilheusnoticias.net.br\/v1\/wp-content\/uploads\/2018\/01\/IMG-20180102-WA0065.jpg 512w, https:\/\/www.ilheusnoticias.net.br\/v1\/wp-content\/uploads\/2018\/01\/IMG-20180102-WA0065-300x200.jpg 300w\" sizes=\"(max-width: 404px) 100vw, 404px\" \/><\/a><\/p>\n<p class=\"x_MsoNormal\">\n<p class=\"x_MsoNormal\">Nesta quinta-feira (4), \u00e0s 9h, o governador Rui Costa far\u00e1 a entrega da reforma e readequa\u00e7\u00e3o do Terminal de Integra\u00e7\u00e3o Rodovi\u00e1ria e Sistema Vi\u00e1rio Trecho Pernambu\u00e9s\/Detran, por onde circulam os \u00f4nibus urbanos. O terminal localizado na Avenida Tancredo Neves \u00e9 parte integrante da Linha 2 do Sistema Metrovi\u00e1rio de Salvador e Lauro de Freitas.<\/p>\n<p class=\"x_MsoNormal\"><!--more--><\/p>\n<p class=\"x_MsoNormal\">\n<p class=\"x_MsoNormal\">O projeto do terminal teve seu padr\u00e3o arquitet\u00f4nico completamente alterado, criando um espa\u00e7o mais amplo e com melhor acessibilidade para o usu\u00e1rio. A nova cobertura, maior do que a original, propicia uma maior \u00e1rea prote\u00e7\u00e3o contra o sol e a chuva e, consequentemente, mais conforto ao usu\u00e1rio.<\/p>\n<p class=\"x_MsoNormal\">\n<p class=\"x_MsoNormal\">As telhas met\u00e1licas s\u00e3o apoiadas em p\u00f3rticos met\u00e1licos instalados na plataforma do terminal. O piso da plataforma foi substitu\u00eddo por granito, al\u00e9m da adi\u00e7\u00e3o de piso podo-t\u00e1til, o que garantir\u00e1 a devida acessibilidade no terminal e maior durabilidade ao piso.<\/p>\n<p class=\"x_MsoNormal\">\n<p class=\"x_MsoNormal\">Al\u00e9m disso, para maior seguran\u00e7a do usu\u00e1rios e funcion\u00e1rios, foram instaladas 26 c\u00e2meras de alta resolu\u00e7\u00e3o e, nos ambientes internos, c\u00e2meras do tipo mini dome. Nos demais ambientes foram instaladas c\u00e2meras fixas do tipo Box.<\/p>\n","protected":false},"excerpt":{"rendered":"<p>Nesta quinta-feira (4), \u00e0s 9h, o governador Rui Costa far\u00e1 a entrega da reforma e readequa\u00e7\u00e3o do Terminal de Integra\u00e7\u00e3o Rodovi\u00e1ria e Sistema Vi\u00e1rio Trecho Pernambu\u00e9s\/Detran, por onde circulam os \u00f4nibus urbanos. O terminal localizado na Avenida Tancredo Neves \u00e9 parte integrante da Linha 2 do Sistema Metrovi\u00e1rio de Salvador e Lauro de Freitas.<\/p>\n","protected":false},"author":2,"featured_media":0,"comment_status":"open","ping_status":"open","sticky":false,"template":"","format":"standard","meta":{"_links_to":"","_links_to_target":""},"categories":[7,9,8,1],"tags":[],"_links":{"self":[{"href":"https:\/\/www.ilheusnoticias.net.br\/v1\/wp-json\/wp\/v2\/posts\/11541"}],"collection":[{"href":"https:\/\/www.ilheusnoticias.net.br\/v1\/wp-json\/wp\/v2\/posts"}],"about":[{"href":"https:\/\/www.ilheusnoticias.net.br\/v1\/wp-json\/wp\/v2\/types\/post"}],"author":[{"embeddable":true,"href":"https:\/\/www.ilheusnoticias.net.br\/v1\/wp-json\/wp\/v2\/users\/2"}],"replies":[{"embeddable":true,"href":"https:\/\/www.ilheusnoticias.net.br\/v1\/wp-json\/wp\/v2\/comments?post=11541"}],"version-history":[{"count":1,"href":"https:\/\/www.ilheusnoticias.net.br\/v1\/wp-json\/wp\/v2\/posts\/11541\/revisions"}],"predecessor-version":[{"id":11542,"href":"https:\/\/www.ilheusnoticias.net.br\/v1\/wp-json\/wp\/v2\/posts\/11541\/revisions\/11542"}],"wp:attachment":[{"href":"https:\/\/www.ilheusnoticias.net.br\/v1\/wp-json\/wp\/v2\/media?parent=11541"}],"wp:term":[{"taxonomy":"category","embeddable":true,"href":"https:\/\/www.ilheusnoticias.net.br\/v1\/wp-json\/wp\/v2\/categories?post=11541"},{"taxonomy":"post_tag","embeddable":true,"href":"https:\/\/www.ilheusnoticias.net.br\/v1\/wp-json\/wp\/v2\/tags?post=11541"}],"curies":[{"name":"wp","href":"https:\/\/api.w.org\/{rel}","templated":true}]}}