{"id":11539,"date":"2018-01-03T10:19:03","date_gmt":"2018-01-03T13:19:03","guid":{"rendered":"http:\/\/www.ilheusnoticias.net.br\/v1\/?p=11539"},"modified":"2018-01-03T10:19:03","modified_gmt":"2018-01-03T13:19:03","slug":"pm-e-preso-por-matar-homem-e-balear-primo-da-vitima-no-santo-antonio-alem-do-carmo","status":"publish","type":"post","link":"https:\/\/www.ilheusnoticias.net.br\/v1\/2018\/01\/03\/pm-e-preso-por-matar-homem-e-balear-primo-da-vitima-no-santo-antonio-alem-do-carmo\/","title":{"rendered":"PM \u00e9 preso por matar homem e balear primo da v\u00edtima no Santo Ant\u00f4nio Al\u00e9m do Carmo"},"content":{"rendered":"<div class=\"row content-head\"><\/div>\n<div class=\"row content-share-bar\">\n<div class=\"column medium-centered medium-22 large-20 content-share-bar__container\">\n<div id=\"share-bar\" class=\"share-bar share-bar-container share-theme-minimal share-bar-container share-theme-minimal\" data-url=\"https:\/\/g1.globo.com\/ba\/bahia\/noticia\/pm-e-preso-por-matar-homem-no-santo-antonio-alem-do-carmo.ghtml\" data-title=\"PM \u00e9 preso por matar homem e balear primo da v\u00edtima no Santo Ant\u00f4nio Al\u00e9m do Carmo\" data-image-url=\"https:\/\/s2.glbimg.com\/yjtiIuXOrz2mgfCv-vQ2eq0et_A=\/1200x\/smart\/filters:cover():strip_icc()\/s04.video.glbimg.com\/x720\/6395499.jpg\"><\/div>\n<\/div>\n<\/div>\n<div class=\"mc-article-body\">\n<article>\n<div class=\"mc-column content-media content-media--normal content-video\" data-block-type=\"backstage-video\" data-block-id=\"0\">\n<div class=\"content-media__container content-media__container--loaded\">\n<div class=\"content-video__placeholder\" data-video-id=\"6395499\"><img loading=\"lazy\" class=\"content-video__placeholder__thumb\" title=\"PM suspeito de matar homem por ci\u00fame da ex-mulher se apresenta e \u00e9 preso em flagrante\" src=\"https:\/\/s04.video.glbimg.com\/x720\/6395499.jpg\" alt=\"PM suspeito de matar homem por ci\u00fame da ex-mulher se apresenta e \u00e9 preso em flagrante\" width=\"258\" height=\"145\" \/><\/div>\n<\/div>\n<div class=\"content-media__description-centered\">\n<p class=\"content-media__description\"><span class=\"content-media__description__caption\">PM suspeito de matar homem por ci\u00fame da ex-mulher se apresenta e \u00e9 preso em flagrante<\/span><\/p>\n<\/div>\n<\/div>\n<div class=\"mc-column mc-side-item__container\" data-block-type=\"ads\" data-block-id=\"1\">\n<div class=\"mc-side-item mc-side-item--right content-ads content-ads--side-ad\">\n<div id=\"banner_materia1\" class=\"tag-manager-publicidade-container tag-manager-publicidade-banner_materia1 tag-manager-publicidade-container--carregado tag-manager-publicidade-container--visivel\" data-google-query-id=\"CJnLgdDwu9gCFcsUhgodIBUGGA\" data-cid=\"138215954547\" data-lid=\"4478729430\">\n<div id=\"google_ads_iframe_\/95377733\/tvg_G1\/Sua_Regiao&gt;Nordeste&gt;Bahia_1__container__\" style=\"box-sizing: inherit; margin: auto; padding: 0px; border: 0pt none; font-style: inherit; font-variant: inherit; font-weight: inherit; font-stretch: inherit; font-size: inherit; line-height: inherit; font-family: inherit; vertical-align: baseline; width: 300px; text-align: center;\"><\/div>\n<\/div>\n<\/div>\n<\/div>\n<div class=\"mc-column content-text active-extra-styles active-capital-letter\" data-block-type=\"unstyled\" data-block-weight=\"42\" data-block-id=\"2\">\n<p class=\"content-text__container theme-color-primary-first-letter\" data-track-category=\"Link no Texto\" data-track-links=\"\">O soldado da Pol\u00edcia Militar S\u00e9rgio Ricardo Sobral Guerreiro foi preso em flagrante por suspeita de matar um homem e balear o primo da v\u00edtima durante uma discuss\u00e3o com eles no bairro de Santo Ant\u00f4nio Al\u00e9m do Carmo, Centro Hist\u00f3rco de Salvador.<\/p>\n<\/div>\n<div class=\"mc-column content-text active-extra-styles \" data-block-type=\"unstyled\" data-block-weight=\"47\" data-block-id=\"3\">\n<p class=\"content-text__container \" data-track-category=\"Link no Texto\" data-track-links=\"\">Em depoimento, o policial disse que houve um desentendimento e os dois primos teriam atirado uma pedra contra o carro dele. No entanto, a Pol\u00edcia Civil n\u00e3o esclareceu a ordem dos fatos, nem as motiva\u00e7\u00f5es e circunst\u00e2ncias do desentendimento. O crime ocorreu na manh\u00e3 de segunda-feira (1\u00ba).<\/p>\n<\/div>\n<\/article>\n<\/div>\n<p class=\"content-text__container \" data-track-category=\"Link no Texto\" data-track-links=\"\"><!--more--><\/p>\n<div class=\"mc-article-body\">\n<article>\n<div class=\"mc-column content-text active-extra-styles \" data-block-type=\"unstyled\" data-block-weight=\"35\" data-block-id=\"4\">\n<p class=\"content-text__container \" data-track-category=\"Link no Texto\" data-track-links=\"\">Segundo informa\u00e7\u00f5es da Pol\u00edcia Civil, baleado, o gerente de loja Andr\u00e9 Lu\u00eds Santos Silva, de 32 anos, n\u00e3o resistiu ao ferimento e morreu. O primo dele que ficou ferido foi identificado como Adriano Santos Santana.<\/p>\n<\/div>\n<div class=\"mc-column content-text active-extra-styles \" data-block-type=\"unstyled\" data-block-weight=\"49\" data-block-id=\"5\">\n<p class=\"content-text__container \" data-track-category=\"Link no Texto\" data-track-links=\"\">O PM foi autuado em flagrante por homic\u00eddio pelo Departamento de Homic\u00eddios e Prote\u00e7\u00e3o \u00e0 Pessoa (DHPP). S\u00e9rgio Ricardo Sobral Guerreiro foi conduzido \u00e0 unidade de investiga\u00e7\u00e3o pela Pol\u00edcia Militar algumas horas depois do crime, acompanhado do advogado, e levando uma pistola 9mm, que teria sido usada no homic\u00eddio.<\/p>\n<\/div>\n<div data-track-category=\"fim do conteudo\" data-track-action=\"ultimo chunk conteudo\" data-track-noninteraction=\"false\" data-track-scroll=\"entrada completa viewport\">\n<div class=\"mc-column content-text active-extra-styles \" data-block-type=\"unstyled\" data-block-weight=\"54\" data-block-id=\"6\">\n<p class=\"content-text__container \" data-track-category=\"Link no Texto\" data-track-links=\"\">Investigadores do DHPP estiveram na casa do militar, onde apreenderam outra arma, uma pistola calibre 380. Tanto o ve\u00edculo quanto as armas foram encaminhados para o Departamento de Pol\u00edcia T\u00e9cnica (DPT), onde passar\u00e3o por per\u00edcia. Testemunhas e v\u00edtimas do crime j\u00e1 foram ouvidas. O policial foi encaminhado para o Batalh\u00e3o de Choque da PM.<\/p>\n<\/div>\n<\/div>\n<\/article>\n<\/div>\n","protected":false},"excerpt":{"rendered":"<p>PM suspeito de matar homem por ci\u00fame da ex-mulher se apresenta e \u00e9 preso em flagrante O soldado da Pol\u00edcia Militar S\u00e9rgio Ricardo Sobral Guerreiro foi preso em flagrante por suspeita de matar um homem e balear o primo da v\u00edtima durante uma discuss\u00e3o com eles no bairro de Santo Ant\u00f4nio Al\u00e9m do Carmo, Centro [&hellip;]<\/p>\n","protected":false},"author":2,"featured_media":0,"comment_status":"open","ping_status":"open","sticky":false,"template":"","format":"standard","meta":{"_links_to":"","_links_to_target":""},"categories":[7,9,8,1,5],"tags":[],"_links":{"self":[{"href":"https:\/\/www.ilheusnoticias.net.br\/v1\/wp-json\/wp\/v2\/posts\/11539"}],"collection":[{"href":"https:\/\/www.ilheusnoticias.net.br\/v1\/wp-json\/wp\/v2\/posts"}],"about":[{"href":"https:\/\/www.ilheusnoticias.net.br\/v1\/wp-json\/wp\/v2\/types\/post"}],"author":[{"embeddable":true,"href":"https:\/\/www.ilheusnoticias.net.br\/v1\/wp-json\/wp\/v2\/users\/2"}],"replies":[{"embeddable":true,"href":"https:\/\/www.ilheusnoticias.net.br\/v1\/wp-json\/wp\/v2\/comments?post=11539"}],"version-history":[{"count":1,"href":"https:\/\/www.ilheusnoticias.net.br\/v1\/wp-json\/wp\/v2\/posts\/11539\/revisions"}],"predecessor-version":[{"id":11540,"href":"https:\/\/www.ilheusnoticias.net.br\/v1\/wp-json\/wp\/v2\/posts\/11539\/revisions\/11540"}],"wp:attachment":[{"href":"https:\/\/www.ilheusnoticias.net.br\/v1\/wp-json\/wp\/v2\/media?parent=11539"}],"wp:term":[{"taxonomy":"category","embeddable":true,"href":"https:\/\/www.ilheusnoticias.net.br\/v1\/wp-json\/wp\/v2\/categories?post=11539"},{"taxonomy":"post_tag","embeddable":true,"href":"https:\/\/www.ilheusnoticias.net.br\/v1\/wp-json\/wp\/v2\/tags?post=11539"}],"curies":[{"name":"wp","href":"https:\/\/api.w.org\/{rel}","templated":true}]}}