{"id":11537,"date":"2018-01-03T10:17:04","date_gmt":"2018-01-03T13:17:04","guid":{"rendered":"http:\/\/www.ilheusnoticias.net.br\/v1\/?p=11537"},"modified":"2018-01-03T10:17:04","modified_gmt":"2018-01-03T13:17:04","slug":"colegio-e-creche-da-policia-militar-da-bahia-abrem-inscricoes-para-novos-alunos-veja-aqui-edital","status":"publish","type":"post","link":"https:\/\/www.ilheusnoticias.net.br\/v1\/2018\/01\/03\/colegio-e-creche-da-policia-militar-da-bahia-abrem-inscricoes-para-novos-alunos-veja-aqui-edital\/","title":{"rendered":"Col\u00e9gio e creche da Pol\u00edcia Militar da Bahia abrem inscri\u00e7\u00f5es para novos alunos. Veja aqui edital"},"content":{"rendered":"<div class=\"row content-head\"><\/div>\n<div class=\"row content-share-bar\">\n<div class=\"column medium-centered medium-22 large-20 content-share-bar__container\">\n<div id=\"share-bar\" class=\"share-bar share-bar-container share-theme-minimal share-bar-container share-theme-minimal\" data-url=\"https:\/\/g1.globo.com\/ba\/bahia\/noticia\/colegio-da-policia-militar-da-bahia-abre-inscricoes-para-novos-alunos.ghtml\" data-title=\"Col\u00e9gio e creche da Pol\u00edcia Militar da Bahia abrem inscri\u00e7\u00f5es para novos alunos\" data-image-url=\"https:\/\/s2.glbimg.com\/Fd2yCUPNJJTZftjcvqf7Nne-5WI=\/1200x\/smart\/filters:cover():strip_icc()\/i.s3.glbimg.com\/v1\/AUTH_59edd422c0c84a879bd37670ae4f538a\/internal_photos\/bs\/2018\/B\/A\/8m0BojTR20QqMa63U4QA\/cpm1.jpg\"><\/div>\n<\/div>\n<\/div>\n<div class=\"mc-column\"><\/div>\n<div class=\"mc-article-body\">\n<article>\n<div class=\"mc-column content-media content-media--normal  content-photo\" data-block-type=\"backstage-photo\" data-block-id=\"0\">\n<div class=\"content-media__container\">\n<div class=\"content-media__image-centered\">\n<div class=\"progressive-img can-open-lightbox\" data-min-size=\"1008x483\" data-min-size-url=\"https:\/\/s2.glbimg.com\/PSx_3JKx-MOabvx0PCaMwI8o5kg=\/0x0:730x350\/1008x0\/smart\/filters:strip_icc()\/i.s3.glbimg.com\/v1\/AUTH_59edd422c0c84a879bd37670ae4f538a\/internal_photos\/bs\/2018\/B\/A\/8m0BojTR20QqMa63U4QA\/cpm1.jpg\" data-max-size=\"1600x767\" data-max-size-url=\"https:\/\/s2.glbimg.com\/no5Z26iVWx2TuNnhbZ55sRnAY_M=\/0x0:730x350\/1600x0\/smart\/filters:strip_icc()\/i.s3.glbimg.com\/v1\/AUTH_59edd422c0c84a879bd37670ae4f538a\/internal_photos\/bs\/2018\/B\/A\/8m0BojTR20QqMa63U4QA\/cpm1.jpg\" data-media-index=\"0\"><img class=\"progressive-draft\" title=\"Vagas do Col\u00e9gio da Pol\u00edcia Militar s\u00e3o distribu\u00eddas em 14 unidades no estado (Foto: Divulga\u00e7\u00e3o)\" src=\"data:image\/jpeg;base64,\/9j\/4AAQSkZJRgABAQAAAQABAAD\/2wBDAAMCAgMCAgMDAwMEAwMEBQgFBQQEBQoHBwYIDAoMDAsKCwsNDhIQDQ4RDgsLEBYQERMUFRUVDA8XGBYUGBIUFRT\/2wBDAQMEBAUEBQkFBQkUDQsNFBQUFBQUFBQUFBQUFBQUFBQUFBQUFBQUFBQUFBQUFBQUFBQUFBQUFBQUFBQUFBQUFBT\/wgARCAAMABkDASIAAhEBAxEB\/8QAFwAAAwEAAAAAAAAAAAAAAAAABAUGB\/\/EABUBAQEAAAAAAAAAAAAAAAAAAAME\/9oADAMBAAIQAxAAAAGaYihT0M9Akbdx\/8QAHRAAAgEEAwAAAAAAAAAAAAAAAwQFAAECFRESFP\/aAAgBAQABBQIT3pxSk8ubTq5ltsKpFQcMltWsIYC431elq\/\/EABgRAQEAAwAAAAAAAAAAAAAAAAEAERIh\/9oACAEDAQE\/AdRyXC\/\/xAAWEQEBAQAAAAAAAAAAAAAAAAAAATH\/2gAIAQIBAT8BxH\/\/xAAlEAACAQMCBQUAAAAAAAAAAAABAgMAERIEIQUQFEGRIzEzcaH\/2gAIAQEABj8C9OCQ74gZe9S6WWMhVS5wa5\/KaBHmuWVmBJNvNfJN5auH9Ndc8WYlr3vWrKy4Eo5JXuR3+60eplW8rIrG22\/L\/8QAHhABAAICAgMBAAAAAAAAAAAAAREhADFhcRBRgdH\/2gAIAQEAAT8hmZMdHSJv89OLWFGIjQvL7WS9gDGEVGrYifCQDWpSUJ63NYIEEAFUjd6YBNPUKB13nHn\/2gAMAwEAAgADAAAAEN\/v\/8QAGREBAAIDAAAAAAAAAAAAAAAAAQAhEUFx\/9oACAEDAQE\/EKhoiUBjk\/\/EABcRAQEBAQAAAAAAAAAAAAAAAAEAEUH\/2gAIAQIBAT8QEQvW2l\/\/xAAeEAEBAAICAgMAAAAAAAAAAAABEQAhMWFBgZHB8P\/aAAgBAQABPxBSOIQVuCONvboK0A8FINmFryD2xeQUWjSCF40wd7z8v9YSTEhJyLpWNG+ZrFLdYaQtaBbJSYMqVaisa6Xi53PnP\/\/Z\" alt=\"Vagas do Col\u00e9gio da Pol\u00edcia Militar s\u00e3o distribu\u00eddas em 14 unidades no estado (Foto: Divulga\u00e7\u00e3o)\" \/><picture><img class=\"image content-media__image progressive-loaded\" title=\"Vagas do Col\u00e9gio da Pol\u00edcia Militar s\u00e3o distribu\u00eddas em 14 unidades no estado (Foto: Divulga\u00e7\u00e3o)\" src=\"https:\/\/s2.glbimg.com\/-LBz3TwlBvuziPzPpfszcWUYlzc=\/0x0:730x350\/984x0\/smart\/filters:strip_icc()\/i.s3.glbimg.com\/v1\/AUTH_59edd422c0c84a879bd37670ae4f538a\/internal_photos\/bs\/2018\/B\/A\/8m0BojTR20QqMa63U4QA\/cpm1.jpg\" alt=\"Vagas do Col\u00e9gio da Pol\u00edcia Militar s\u00e3o distribu\u00eddas em 14 unidades no estado (Foto: Divulga\u00e7\u00e3o)\" data-src=\"https:\/\/s2.glbimg.com\/-LBz3TwlBvuziPzPpfszcWUYlzc=\/0x0:730x350\/984x0\/smart\/filters:strip_icc()\/i.s3.glbimg.com\/v1\/AUTH_59edd422c0c84a879bd37670ae4f538a\/internal_photos\/bs\/2018\/B\/A\/8m0BojTR20QqMa63U4QA\/cpm1.jpg\" \/><\/picture><\/div>\n<\/div>\n<div class=\"content-media__description-centered \">\n<p class=\"content-media__description\"><span class=\"content-media__description__caption\">Vagas do Col\u00e9gio da Pol\u00edcia Militar s\u00e3o distribu\u00eddas em 14 unidades no estado (Foto: Divulga\u00e7\u00e3o)<\/span><\/p>\n<\/div>\n<\/div>\n<\/div>\n<div class=\"mc-column mc-side-item__container\" data-block-type=\"ads\" data-block-id=\"1\">\n<div class=\"mc-side-item mc-side-item--right content-ads content-ads--side-ad\">\n<div id=\"banner_materia1\" class=\"tag-manager-publicidade-container tag-manager-publicidade-banner_materia1 tag-manager-publicidade-container--carregado tag-manager-publicidade-container--visivel\" data-cid=\"138215954547\" data-lid=\"4478729430\">\n<div id=\"google_ads_iframe_\/95377733\/tvg_G1\/Sua_Regiao&gt;Nordeste&gt;Bahia_1__container__\" style=\"box-sizing: inherit; margin: auto; padding: 0px; border: 0pt none; font-style: inherit; font-variant: inherit; font-weight: inherit; font-stretch: inherit; font-size: inherit; line-height: inherit; font-family: inherit; vertical-align: baseline; width: 300px; text-align: center;\"><\/div>\n<\/div>\n<\/div>\n<\/div>\n<div class=\"mc-column content-text active-extra-styles active-capital-letter\" data-block-type=\"unstyled\" data-block-weight=\"35\" data-block-id=\"2\">\n<p class=\"content-text__container theme-color-primary-first-letter\" data-track-category=\"Link no Texto\" data-track-links=\"\">Os Col\u00e9gios da Pol\u00edcia Militar e a Creche Nossa Senhora das Gra\u00e7as, tamb\u00e9m da PM, abriram nesta ter\u00e7a-feira (2) as inscri\u00e7\u00f5es para novos alunos. Os interessados devem acessar a\u00a0<a href=\"http:\/\/www.pm.ba.gov.br\/homepmbacpmsorteio.html\" target=\"_blank\">p\u00e1gina dedicada ao procedimento na internet<\/a>.<\/p>\n<\/div>\n<div class=\"mc-column content-text active-extra-styles \" data-block-type=\"unstyled\" data-block-weight=\"27\" data-block-id=\"3\">\n<p class=\"content-text__container \" data-track-category=\"Link no Texto\" data-track-links=\"\">O prazo para se inscrever termina \u00e0s 18h do dia 7 de janeiro (domingo). O crit\u00e9rio para a sele\u00e7\u00e3o de todos os inscritos ser\u00e1 via sorteio eletr\u00f4nico.<\/p>\n<\/div>\n<div class=\"mc-column content-text active-extra-styles \" data-block-type=\"unstyled\" data-block-weight=\"26\" data-block-id=\"4\">\n<p class=\"content-text__container \" data-track-category=\"Link no Texto\" data-track-links=\"\">A creche da PM funciona em Salvador e as vagas para o Col\u00e9gio da Pol\u00edcia Militar est\u00e3o distribu\u00eddas em 14 unidades (capital e interior do estado)<\/p>\n<\/div>\n<\/article>\n<\/div>\n<p class=\"content-text__container \" data-track-category=\"Link no Texto\" data-track-links=\"\"><!--more--><\/p>\n<div class=\"mc-article-body\">\n<article>\n<div class=\"mc-column content-text active-extra-styles \" data-block-type=\"unstyled\" data-block-weight=\"32\" data-block-id=\"5\">\n<p class=\"content-text__container \" data-track-category=\"Link no Texto\" data-track-links=\"\">A divulga\u00e7\u00e3o dos contemplados ser\u00e1 feita no dia 12 de janeiro a partir das 13h. O sorteio eletr\u00f4nico ser\u00e1 realizado \u00e0s 9h desse mesmo dia, no Instituto An\u00edsio Teixeira (IAT), em Salvador.<\/p>\n<\/div>\n<div class=\"mc-column content-text active-extra-styles \" data-block-type=\"unstyled\" data-block-weight=\"49\" data-block-id=\"6\">\n<p class=\"content-text__container \" data-track-category=\"Link no Texto\" data-track-links=\"\">Segundo informa\u00e7\u00f5es da Pol\u00edcia Militar, representantes dos pais ou respons\u00e1veis legais pelos candidatos inscritos ser\u00e3o convidados a comparecer no sorteio. Essa lista de representantes ser\u00e1 elaborada tamb\u00e9m via sorteio eletr\u00f4nico e divulgada nos sites da PM no dia 11. O comparecimento dos pais sorteados, no entanto, n\u00e3o \u00e9 obrigat\u00f3rio.<\/p>\n<\/div>\n<div class=\"mc-column content-text active-extra-styles\" data-block-type=\"raw\" data-block-weight=\"13\" data-block-id=\"7\">\n<ul class=\"content-unordered-list\">\n<li>Col\u00e9gio da Pol\u00edcia Militar:\u00a0<a href=\"http:\/\/www.pm.ba.gov.br\/cpm2018\/EditalCPM2018.pdf\" target=\"_blank\">consulte edital<\/a><\/li>\n<li>Creche Nossa Senhora das Gra\u00e7as:\u00a0<a href=\"http:\/\/www.pm.ba.gov.br\/creche2018\/EditalCreche2018.pdf\" target=\"_blank\">consulte edital<\/a><\/li>\n<\/ul>\n<\/div>\n<div class=\"mc-column content-text active-extra-styles \" data-block-type=\"unstyled\" data-block-weight=\"28\" data-block-id=\"8\">\n<p class=\"content-text__container \" data-track-category=\"Link no Texto\" data-track-links=\"\">Das 32 vagas oferecidas para a creche, 70% s\u00e3o destinadas a crian\u00e7as entre 2 e 5 anos, filhos de servidores militares, e 30% para o restante da popula\u00e7\u00e3o.<\/p>\n<\/div>\n<div class=\"mc-column content-text active-extra-styles \" data-block-type=\"unstyled\" data-block-weight=\"42\" data-block-id=\"9\">\n<p class=\"content-text__container \" data-track-category=\"Link no Texto\" data-track-links=\"\">Nas unidades do CPM em Salvador (bairros do Dendezeiros, Ribeira, Lu\u00eds Tarqu\u00ednio, Cajazeiras e Lobato), na regi\u00e3o metropolitana (Candeias), e nos munic\u00edpios de Feira de Santana, Alagoinhas, Itabuna, Ilh\u00e9us, Juazeiro, Teixeira de Freitas, Jequi\u00e9 e Vit\u00f3ria da Conquista, ser\u00e3o admitidos 2.698 estudantes.<\/p>\n<\/div>\n<div class=\"mc-column content-text active-extra-styles \" data-block-type=\"unstyled\" data-block-weight=\"68\" data-block-id=\"10\">\n<p class=\"content-text__container \" data-track-category=\"Link no Texto\" data-track-links=\"\">Em Salvador, 70% das vagas s\u00e3o destinadas a filhos de servidores militares estaduais e servidores p\u00fablicos civis da PM e do Corpo de Bombeiros, professores e demais servidores p\u00fablicos civis da Secretaria da Educa\u00e7\u00e3o \u00e0 disposi\u00e7\u00e3o das unidades do CPM\/BA. Os demais 30% s\u00e3o para o restante da popula\u00e7\u00e3o. J\u00e1 nas unidades da Regi\u00e3o Metropolitana de Salvador (RMS) e interior, a divis\u00e3o \u00e9 feita 50% para cada p\u00fablico.<\/p>\n<\/div>\n<div class=\"content-ads content-ads--reveal\" data-block-type=\"ads\" data-block-id=\"11\">\n<div id=\"banner_materia2\" class=\"tag-manager-publicidade-container has-reveal has-ad-lazyload tag-manager-publicidade-banner_materia2 tag-manager-publicidade-container--carregado tag-manager-publicidade-container--visivel\" data-id=\"banner_materia2\" data-cid=\"138220822684\" data-lid=\"4526851413\">\n<div id=\"google_ads_iframe_\/95377733\/tvg_G1\/Sua_Regiao&gt;Nordeste&gt;Bahia_3__container__\" style=\"box-sizing: inherit; margin: auto; padding: 0px; border: 0pt none; font-style: inherit; font-variant: inherit; font-weight: inherit; font-stretch: inherit; font-size: inherit; line-height: inherit; font-family: inherit; vertical-align: baseline; width: 970px; max-width: 100%; text-align: center;\"><\/div>\n<\/div>\n<\/div>\n<div data-track-category=\"fim do conteudo\" data-track-action=\"ultimo chunk conteudo\" data-track-noninteraction=\"false\" data-track-scroll=\"entrada completa viewport\">\n<div class=\"mc-column content-text active-extra-styles \" data-block-type=\"unstyled\" data-block-weight=\"37\" data-block-id=\"12\">\n<p class=\"content-text__container \" data-track-category=\"Link no Texto\" data-track-links=\"\">Das vagas nos CPMs, 40 s\u00e3o para o Ensino Fundamental I \u2013 do 1\u00ba ao 5\u00ba ano \u2013 2.068 para o Ensino Fundamental II \u2013 do 6\u00ba ao 9\u00ba ano \u2013 e 590 para o Ensino M\u00e9dio<\/p>\n<\/div>\n<\/div>\n<\/article>\n<\/div>\n","protected":false},"excerpt":{"rendered":"<p>Vagas do Col\u00e9gio da Pol\u00edcia Militar s\u00e3o distribu\u00eddas em 14 unidades no estado (Foto: Divulga\u00e7\u00e3o) Os Col\u00e9gios da Pol\u00edcia Militar e a Creche Nossa Senhora das Gra\u00e7as, tamb\u00e9m da PM, abriram nesta ter\u00e7a-feira (2) as inscri\u00e7\u00f5es para novos alunos. Os interessados devem acessar a\u00a0p\u00e1gina dedicada ao procedimento na internet. O prazo para se inscrever termina [&hellip;]<\/p>\n","protected":false},"author":2,"featured_media":0,"comment_status":"open","ping_status":"open","sticky":false,"template":"","format":"standard","meta":{"_links_to":"","_links_to_target":""},"categories":[7,9,8],"tags":[],"_links":{"self":[{"href":"https:\/\/www.ilheusnoticias.net.br\/v1\/wp-json\/wp\/v2\/posts\/11537"}],"collection":[{"href":"https:\/\/www.ilheusnoticias.net.br\/v1\/wp-json\/wp\/v2\/posts"}],"about":[{"href":"https:\/\/www.ilheusnoticias.net.br\/v1\/wp-json\/wp\/v2\/types\/post"}],"author":[{"embeddable":true,"href":"https:\/\/www.ilheusnoticias.net.br\/v1\/wp-json\/wp\/v2\/users\/2"}],"replies":[{"embeddable":true,"href":"https:\/\/www.ilheusnoticias.net.br\/v1\/wp-json\/wp\/v2\/comments?post=11537"}],"version-history":[{"count":1,"href":"https:\/\/www.ilheusnoticias.net.br\/v1\/wp-json\/wp\/v2\/posts\/11537\/revisions"}],"predecessor-version":[{"id":11538,"href":"https:\/\/www.ilheusnoticias.net.br\/v1\/wp-json\/wp\/v2\/posts\/11537\/revisions\/11538"}],"wp:attachment":[{"href":"https:\/\/www.ilheusnoticias.net.br\/v1\/wp-json\/wp\/v2\/media?parent=11537"}],"wp:term":[{"taxonomy":"category","embeddable":true,"href":"https:\/\/www.ilheusnoticias.net.br\/v1\/wp-json\/wp\/v2\/categories?post=11537"},{"taxonomy":"post_tag","embeddable":true,"href":"https:\/\/www.ilheusnoticias.net.br\/v1\/wp-json\/wp\/v2\/tags?post=11537"}],"curies":[{"name":"wp","href":"https:\/\/api.w.org\/{rel}","templated":true}]}}