{"id":11535,"date":"2018-01-03T10:13:36","date_gmt":"2018-01-03T13:13:36","guid":{"rendered":"http:\/\/www.ilheusnoticias.net.br\/v1\/?p=11535"},"modified":"2018-01-03T10:13:36","modified_gmt":"2018-01-03T13:13:36","slug":"atencao-morreu-de-susto-dona-de-cadela-relata-que-animal-perdeu-a-vida-por-causa-dos-fogos-de-artificio","status":"publish","type":"post","link":"https:\/\/www.ilheusnoticias.net.br\/v1\/2018\/01\/03\/atencao-morreu-de-susto-dona-de-cadela-relata-que-animal-perdeu-a-vida-por-causa-dos-fogos-de-artificio\/","title":{"rendered":"ATEN\u00c7\u00c3O:  \u2018Morreu de susto\u2019: dona de cadela relata que animal perdeu a vida por causa dos fogos de artif\u00edcio"},"content":{"rendered":"<h3 class=\"post-title entry-title\"><\/h3>\n<div id=\"post-body-8461234195396045314\" class=\"post-body entry-content\">\n<div><img loading=\"lazy\" src=\"https:\/\/1.bp.blogspot.com\/-X3nW5Bu2R9U\/Wkq65T1RVCI\/AAAAAAACIjM\/nHrRkR5jvs4GQLmXNtdL_D-mVnoIGvQcgCLcBGAs\/s640\/image.jpg\" alt=\"image\" width=\"640\" height=\"347\" \/><\/div>\n<div>A dona da cadela chamada Nina utilizou o Facebook para relatar sua indigna\u00e7\u00e3o ap\u00f3s o animal ter morrido de \u201csusto\u201d com o barulho dos fogos de artif\u00edcio nesta virada de ano.<\/div>\n<div><\/div>\n<div>Com mais de 95 mil compartilhamentos, a publica\u00e7\u00e3o mostra a dona da cadela, que mora em S\u00e3o Paulo, carregando o corpo do animal. Ela tamb\u00e9m publicou v\u00eddeos com imagens capturadas pelas c\u00e2meras de seguran\u00e7a de sua casa que mostram a cadela agitada por causa dos fogos.<\/div>\n<\/div>\n<div><\/div>\n<p><!--more--><\/p>\n<div id=\"post-body-8461234195396045314\" class=\"post-body entry-content\">\n<div><\/div>\n<div>Em uma segunda publica\u00e7\u00e3o, a propriet\u00e1ria de Nina contou que a cadela nunca teve medo de fogos, mas n\u00e3o resistiu devido \u00e0 grande quantidade de barulho muito pr\u00f3xima da casa. Os artefatos explosivos teriam sido soltos pelos vizinhos, que alugaram a resid\u00eancia para passar o r\u00e9veillon. Nina faria 2 anos neste m\u00eas.<\/div>\n<\/div>\n","protected":false},"excerpt":{"rendered":"<p>A dona da cadela chamada Nina utilizou o Facebook para relatar sua indigna\u00e7\u00e3o ap\u00f3s o animal ter morrido de \u201csusto\u201d com o barulho dos fogos de artif\u00edcio nesta virada de ano. Com mais de 95 mil compartilhamentos, a publica\u00e7\u00e3o mostra a dona da cadela, que mora em S\u00e3o Paulo, carregando o corpo do animal. Ela [&hellip;]<\/p>\n","protected":false},"author":2,"featured_media":0,"comment_status":"open","ping_status":"open","sticky":false,"template":"","format":"standard","meta":{"_links_to":"","_links_to_target":""},"categories":[7,9,8,1],"tags":[],"_links":{"self":[{"href":"https:\/\/www.ilheusnoticias.net.br\/v1\/wp-json\/wp\/v2\/posts\/11535"}],"collection":[{"href":"https:\/\/www.ilheusnoticias.net.br\/v1\/wp-json\/wp\/v2\/posts"}],"about":[{"href":"https:\/\/www.ilheusnoticias.net.br\/v1\/wp-json\/wp\/v2\/types\/post"}],"author":[{"embeddable":true,"href":"https:\/\/www.ilheusnoticias.net.br\/v1\/wp-json\/wp\/v2\/users\/2"}],"replies":[{"embeddable":true,"href":"https:\/\/www.ilheusnoticias.net.br\/v1\/wp-json\/wp\/v2\/comments?post=11535"}],"version-history":[{"count":1,"href":"https:\/\/www.ilheusnoticias.net.br\/v1\/wp-json\/wp\/v2\/posts\/11535\/revisions"}],"predecessor-version":[{"id":11536,"href":"https:\/\/www.ilheusnoticias.net.br\/v1\/wp-json\/wp\/v2\/posts\/11535\/revisions\/11536"}],"wp:attachment":[{"href":"https:\/\/www.ilheusnoticias.net.br\/v1\/wp-json\/wp\/v2\/media?parent=11535"}],"wp:term":[{"taxonomy":"category","embeddable":true,"href":"https:\/\/www.ilheusnoticias.net.br\/v1\/wp-json\/wp\/v2\/categories?post=11535"},{"taxonomy":"post_tag","embeddable":true,"href":"https:\/\/www.ilheusnoticias.net.br\/v1\/wp-json\/wp\/v2\/tags?post=11535"}],"curies":[{"name":"wp","href":"https:\/\/api.w.org\/{rel}","templated":true}]}}