{"id":11525,"date":"2018-01-02T15:02:53","date_gmt":"2018-01-02T18:02:53","guid":{"rendered":"http:\/\/www.ilheusnoticias.net.br\/v1\/?p=11525"},"modified":"2018-01-02T15:02:53","modified_gmt":"2018-01-02T18:02:53","slug":"comissao-de-transporte-da-camara-de-ilheus-realiza-visita-a-viametro-apos-denuncia","status":"publish","type":"post","link":"https:\/\/www.ilheusnoticias.net.br\/v1\/2018\/01\/02\/comissao-de-transporte-da-camara-de-ilheus-realiza-visita-a-viametro-apos-denuncia\/","title":{"rendered":"Comiss\u00e3o de Transporte da C\u00e2mara de Ilh\u00e9us realiza visita \u00e0 Viametro ap\u00f3s den\u00fancia"},"content":{"rendered":"<p><br style=\"color: rgb(0, 0, 0); font-family: Verdana, Geneva, sans-serif; font-size: 14.2666673660278px; line-height: normal; text-align: justify;\"><span style=\"color: rgb(0, 0, 0); line-height: normal; text-align: justify; font-family: arial, helvetica, sans-serif; font-size: 12pt;\">Na manh\u00e3 desta ter\u00e7a-feira (02) a Comiss\u00e3o de Transporte da C\u00e2mara de Vereadores de Ilh\u00e9us, representada por Fabr\u00edcio Nascimento e Paulo Carqueija, realizou uma visita \u00e0 sede da empresa Viametro, ap\u00f3s den\u00fancia veiculada no Blog Agravo sobre alguns ve\u00edculos estarem na cidade de Porto Seguro.<\/span><br style=\"color: rgb(0, 0, 0); font-family: Verdana, Geneva, sans-serif; font-size: 14.2666673660278px; line-height: normal; text-align: justify;\"><br style=\"color: rgb(0, 0, 0); font-family: Verdana, Geneva, sans-serif; font-size: 14.2666673660278px; line-height: normal; text-align: justify;\"><span style=\"color: rgb(0, 0, 0); line-height: normal; text-align: justify; font-family: arial, helvetica, sans-serif; font-size: 12pt;\">Ap\u00f3s confirma\u00e7\u00e3o da den\u00fancia, os vereadores foram verificar e cobrar da empresa uma explica\u00e7\u00e3o. De acordo com Paulo Carqueija \u201cidentificamos oito dos dez \u00f4nibus na garagem da empresa, que est\u00e3o aguardando a instala\u00e7\u00e3o de um sistema eletr\u00f4nico para entrar em pleno funcionamento e ap\u00f3s conversa com o gerente, fomos informados que os dois \u00f4nibus que foram para Porto devem voltar at\u00e9 a quarta-feira (03)\u201d.<\/span><br style=\"color: rgb(0, 0, 0); font-family: Verdana, Geneva, sans-serif; font-size: 14.2666673660278px; line-height: normal; text-align: justify;\"><br style=\"color: rgb(0, 0, 0); font-family: Verdana, Geneva, sans-serif; font-size: 14.2666673660278px; line-height: normal; text-align: justify;\"><span style=\"color: rgb(0, 0, 0); line-height: normal; text-align: justify; font-family: arial, helvetica, sans-serif; font-size: 12pt;\">A popula\u00e7\u00e3o de Ilh\u00e9us recebeu a frota de dez novos \u00f4nibus na \u00faltima quinta-feira (28). A renova\u00e7\u00e3o da frota \u00e9 uma contrapartida exigida pela Prefeitura para conceder um reajuste de 12,9 % na tarifa, que passou de R$ 3,10 para R$ 3,50 e vigora desde o s\u00e1bado (30).&nbsp;<\/span><br style=\"color: rgb(0, 0, 0); font-family: Verdana, Geneva, sans-serif; font-size: 14.2666673660278px; line-height: normal; text-align: justify;\"><br style=\"color: rgb(0, 0, 0); font-family: Verdana, Geneva, sans-serif; font-size: 14.2666673660278px; line-height: normal; text-align: justify;\"><span style=\"color: rgb(0, 0, 0); line-height: normal; text-align: justify; font-family: arial, helvetica, sans-serif; font-size: 12pt;\">Cada uma das empresas concession\u00e1rias do transporte p\u00fablico em Ilh\u00e9us tem um prazo de 60 dias para disponibilizar aos usu\u00e1rios, dez novos \u00f4nibus com ar condicionado e Wi-Fi gratuito. Caso n\u00e3o cumpram a determina\u00e7\u00e3o, o decreto assinado pelo prefeito assegura que a tarifa retornar\u00e1 automaticamente ao valor de R$ 3,10.<\/span><\/p>\n","protected":false},"excerpt":{"rendered":"<p>Na manh\u00e3 desta ter\u00e7a-feira (02) a Comiss\u00e3o de Transporte da C\u00e2mara de Vereadores de Ilh\u00e9us, representada por Fabr\u00edcio Nascimento e Paulo Carqueija, realizou uma visita \u00e0 sede da empresa Viametro, ap\u00f3s den\u00fancia veiculada no Blog Agravo sobre alguns ve\u00edculos estarem na cidade de Porto Seguro.Ap\u00f3s confirma\u00e7\u00e3o da den\u00fancia, os vereadores foram verificar e cobrar da [&hellip;]<\/p>\n","protected":false},"author":2,"featured_media":0,"comment_status":"open","ping_status":"open","sticky":false,"template":"","format":"standard","meta":{"_links_to":"","_links_to_target":""},"categories":[1],"tags":[],"_links":{"self":[{"href":"https:\/\/www.ilheusnoticias.net.br\/v1\/wp-json\/wp\/v2\/posts\/11525"}],"collection":[{"href":"https:\/\/www.ilheusnoticias.net.br\/v1\/wp-json\/wp\/v2\/posts"}],"about":[{"href":"https:\/\/www.ilheusnoticias.net.br\/v1\/wp-json\/wp\/v2\/types\/post"}],"author":[{"embeddable":true,"href":"https:\/\/www.ilheusnoticias.net.br\/v1\/wp-json\/wp\/v2\/users\/2"}],"replies":[{"embeddable":true,"href":"https:\/\/www.ilheusnoticias.net.br\/v1\/wp-json\/wp\/v2\/comments?post=11525"}],"version-history":[{"count":2,"href":"https:\/\/www.ilheusnoticias.net.br\/v1\/wp-json\/wp\/v2\/posts\/11525\/revisions"}],"predecessor-version":[{"id":11547,"href":"https:\/\/www.ilheusnoticias.net.br\/v1\/wp-json\/wp\/v2\/posts\/11525\/revisions\/11547"}],"wp:attachment":[{"href":"https:\/\/www.ilheusnoticias.net.br\/v1\/wp-json\/wp\/v2\/media?parent=11525"}],"wp:term":[{"taxonomy":"category","embeddable":true,"href":"https:\/\/www.ilheusnoticias.net.br\/v1\/wp-json\/wp\/v2\/categories?post=11525"},{"taxonomy":"post_tag","embeddable":true,"href":"https:\/\/www.ilheusnoticias.net.br\/v1\/wp-json\/wp\/v2\/tags?post=11525"}],"curies":[{"name":"wp","href":"https:\/\/api.w.org\/{rel}","templated":true}]}}